{"id":2002002459,"date":"2019-04-16T17:25:22","date_gmt":"2019-04-16T15:25:22","guid":{"rendered":"http:\/\/www.elenacabrera.com\/weblog\/?p=2002002459"},"modified":"2019-04-18T17:29:42","modified_gmt":"2019-04-18T15:29:42","slug":"un-nuevo-guerrillero-embarcado-en-una-prueba-contrarreloj","status":"publish","type":"post","link":"http:\/\/www.elenacabrera.com\/weblog3\/2019\/04\/16\/un-nuevo-guerrillero-embarcado-en-una-prueba-contrarreloj\/","title":{"rendered":"Un nuevo guerrillero embarcado en una prueba contrarreloj"},"content":{"rendered":"<p>\u201cSer\u00eda un ignorante sobre la Guerra Civil si no hubiera tenido los padres que tengo y mi historia familiar. Me ha dado tan poco conocimiento el sistema educativo espa\u00f1ol sobre ese periodo de tiempo que es terrible\u201d.<\/p>\n<p>Habla Edu Granados. Mientras viv\u00eda en Francia, mand\u00f3 reportajes a Espa\u00f1a sobre el campo de refugiados de Calais o las revueltas de las \u2018banlieue\u2019 parisinas. Se gradu\u00f3 en Relaciones Internacionales con la intenci\u00f3n de ejercer el periodismo pero las l\u00f3gicas perversas de la profesi\u00f3n le hacen dudar, a cada paso, de que ese sea su camino. Tiene 23 a\u00f1os. Su nombre completo es Eduardo Granados Reguil\u00f3n y es el bisnieto del guerrillero Adolfo Lucas Reguil\u00f3n, alias Severo Eubel de la Paz.<\/p>\n<p>Reguil\u00f3n era un maestro madrile\u00f1o, nacido en Villa del Prado, que ejerc\u00eda en un pueblo toledano cuando comenz\u00f3 la Guerra Civil. Poco antes se hab\u00eda afiliado al Partido Comunista. Luch\u00f3 como miliciano y fue herido en la batalla en el primer invierno de la guerra, por lo que sigui\u00f3 trabajando por la Rep\u00fablica en tareas pol\u00edticas.<\/p>\n<p>Al terminar la guerra, fue hecho prisionero hasta 1943. Cuando fue liberado, se ech\u00f3 al monte en el Valle del Ti\u00e9tar como muchos otros guerrilleros hicieron, para organizar la lucha antifranquista. Las ambiciones de Severo no eran peque\u00f1as. Adem\u00e1s de la creaci\u00f3n de propaganda y peque\u00f1os sabotajes, su Agrupaci\u00f3n Guerrillera, denominada Zona M, el 16 de agosto de 1946, tom\u00f3 por unas horas el pueblo Alameda del Valle \u2014\u201cen un acto quijotesco\u201d, dice Eduardo\u2014, proclamando la Tercera Rep\u00fablica.<\/p>\n<p style=\"text-align: right;\"><a href=\"https:\/\/www.lasexta.com\/tribus-ocultas\/artes\/politologo-edu-granados-denuncia-mal-que-ensena-guerra-civil-colegios_201904125cb428430cf2675abd465276.html\" target=\"_blank\" rel=\"noopener\">&#8230;Sigue leyendo en Tribus Ocultas.<\/a><\/p>\n","protected":false},"excerpt":{"rendered":"<p>\u201cSer\u00eda un ignorante sobre la Guerra Civil si no hubiera tenido los padres que tengo y mi historia familiar. Me ha dado tan poco conocimiento el sistema educativo espa\u00f1ol sobre ese periodo de tiempo que es terrible\u201d. Habla Edu Granados. Mientras viv\u00eda en Francia, mand\u00f3 reportajes a Espa\u00f1a sobre el campo de refugiados de Calais [&hellip;]<\/p>\n","protected":false},"author":1,"featured_media":2002002461,"comment_status":"closed","ping_status":"closed","sticky":false,"template":"","format":"standard","meta":{"footnotes":""},"categories":[],"tags":[],"class_list":["post-2002002459","post","type-post","status-publish","format-standard","has-post-thumbnail","hentry"],"_links":{"self":[{"href":"http:\/\/www.elenacabrera.com\/weblog3\/wp-json\/wp\/v2\/posts\/2002002459","targetHints":{"allow":["GET"]}}],"collection":[{"href":"http:\/\/www.elenacabrera.com\/weblog3\/wp-json\/wp\/v2\/posts"}],"about":[{"href":"http:\/\/www.elenacabrera.com\/weblog3\/wp-json\/wp\/v2\/types\/post"}],"author":[{"embeddable":true,"href":"http:\/\/www.elenacabrera.com\/weblog3\/wp-json\/wp\/v2\/users\/1"}],"replies":[{"embeddable":true,"href":"http:\/\/www.elenacabrera.com\/weblog3\/wp-json\/wp\/v2\/comments?post=2002002459"}],"version-history":[{"count":1,"href":"http:\/\/www.elenacabrera.com\/weblog3\/wp-json\/wp\/v2\/posts\/2002002459\/revisions"}],"predecessor-version":[{"id":2002002460,"href":"http:\/\/www.elenacabrera.com\/weblog3\/wp-json\/wp\/v2\/posts\/2002002459\/revisions\/2002002460"}],"wp:featuredmedia":[{"embeddable":true,"href":"http:\/\/www.elenacabrera.com\/weblog3\/wp-json\/wp\/v2\/media\/2002002461"}],"wp:attachment":[{"href":"http:\/\/www.elenacabrera.com\/weblog3\/wp-json\/wp\/v2\/media?parent=2002002459"}],"wp:term":[{"taxonomy":"category","embeddable":true,"href":"http:\/\/www.elenacabrera.com\/weblog3\/wp-json\/wp\/v2\/categories?post=2002002459"},{"taxonomy":"post_tag","embeddable":true,"href":"http:\/\/www.elenacabrera.com\/weblog3\/wp-json\/wp\/v2\/tags?post=2002002459"}],"curies":[{"name":"wp","href":"https:\/\/api.w.org\/{rel}","templated":true}]}}