{"id":2002002472,"date":"2019-04-24T18:38:53","date_gmt":"2019-04-24T16:38:53","guid":{"rendered":"http:\/\/www.elenacabrera.com\/weblog\/?p=2002002472"},"modified":"2019-04-26T18:49:40","modified_gmt":"2019-04-26T16:49:40","slug":"ser-punk-a-los-40","status":"publish","type":"post","link":"http:\/\/www.elenacabrera.com\/weblog3\/2019\/04\/24\/ser-punk-a-los-40\/","title":{"rendered":"Ser punk a los 40"},"content":{"rendered":"<p>\u00bfSi el punk es rabia adolescente, qu\u00e9 pasa con la rabia cuando pasa la adolescencia? Pues que sigue ah\u00ed. <strong>Dani Mortaja<\/strong>, un emblema del punk madrile\u00f1o de este siglo, un d\u00eda se dio cuenta de que ten\u00eda m\u00e1s de 40 a\u00f1os y no hab\u00eda muerto. \u201cSigo aqu\u00ed\u201d, dice, con toda la fuerza de esas dos palabras.<\/p>\n<p>Hemos quedado en Rara Avis, la tienda de discos de <strong>Jorge Larreina<\/strong> en Madrid, un s\u00f3tano acogedor que es un refugio para los fans del punk, el psychobilly, el industrial y otras m\u00fasicas oscuras; uno de esos hogares de acogida para almas descarriadas de los que quedan pocos.<\/p>\n<p>Ha venido Dani Mortaja antes de irse a trabajar al <strong>Wurlitzer Ballroom<\/strong>, otro reducto del rock\u2019n\u2019roll en la noche madrile\u00f1a. En cambio, <strong>Ro Zombie<\/strong> y <strong>Alfonso Guerrero<\/strong>, m\u00fasicos del grupo <strong>Ro and the Skullboys<\/strong>, se han pasado por la tienda al salir de sus trabajos. A veces, la m\u00fasica es esa segunda jornada laboral que empieza cuando acaba la primera. Jorge echa m\u00e1s horas hoy en Rara Avis para que podamos conversar. Otras veces, la m\u00fasica es eso que te tiene atrapado las veinticuatro horas del d\u00eda.<\/p>\n<p>\u201cCon los a\u00f1os \u2014dice Jorge Larreina\u2014, vas adquiriendo cultura y toda la rebeld\u00eda adolescente la transformas en una rebeld\u00eda que es tu forma de ser\u201d. \u201cM\u00e1s que rebeld\u00eda lo que tiene que ser es un inconformismo un poco inteligente, \u00bfno?\u201d, le contesta Dani Mortaja. \u201cNo tragarte cualquier cosa pero tampoco ir contra todo porque s\u00ed. Yo ya no necesito estar en guerra contra todo, ni contra mis padres ni contra la sociedad\u201d, a\u00f1ade.<\/p>\n<p style=\"text-align: right;\"><a href=\"https:\/\/www.lasexta.com\/tribus-ocultas\/musica\/hacerse-viejo-tribu-urbana-punks-psycobillies-brecha_201904235cbf7c7c0cf29ac4fc0b4d31.html\">Sigue leyendo en Tribus Ocultas.<\/a><\/p>\n<hr \/>\n<p style=\"text-align: left;\"><em>Foto de apertura: Claudia Alva. De izquierda a derecha: Elena Cabrera, Jorge Larreina, Dani Mortaja, Ro Zombie y Alfonso Guerrero.<\/em><\/p>\n","protected":false},"excerpt":{"rendered":"<p>\u00bfSi el punk es rabia adolescente, qu\u00e9 pasa con la rabia cuando pasa la adolescencia? Pues que sigue ah\u00ed. Dani Mortaja, un emblema del punk madrile\u00f1o de este siglo, un d\u00eda se dio cuenta de que ten\u00eda m\u00e1s de 40 a\u00f1os y no hab\u00eda muerto. \u201cSigo aqu\u00ed\u201d, dice, con toda la fuerza de esas dos [&hellip;]<\/p>\n","protected":false},"author":1,"featured_media":2002002477,"comment_status":"closed","ping_status":"closed","sticky":false,"template":"","format":"standard","meta":{"footnotes":""},"categories":[],"tags":[],"class_list":["post-2002002472","post","type-post","status-publish","format-standard","has-post-thumbnail","hentry"],"_links":{"self":[{"href":"http:\/\/www.elenacabrera.com\/weblog3\/wp-json\/wp\/v2\/posts\/2002002472","targetHints":{"allow":["GET"]}}],"collection":[{"href":"http:\/\/www.elenacabrera.com\/weblog3\/wp-json\/wp\/v2\/posts"}],"about":[{"href":"http:\/\/www.elenacabrera.com\/weblog3\/wp-json\/wp\/v2\/types\/post"}],"author":[{"embeddable":true,"href":"http:\/\/www.elenacabrera.com\/weblog3\/wp-json\/wp\/v2\/users\/1"}],"replies":[{"embeddable":true,"href":"http:\/\/www.elenacabrera.com\/weblog3\/wp-json\/wp\/v2\/comments?post=2002002472"}],"version-history":[{"count":3,"href":"http:\/\/www.elenacabrera.com\/weblog3\/wp-json\/wp\/v2\/posts\/2002002472\/revisions"}],"predecessor-version":[{"id":2002002476,"href":"http:\/\/www.elenacabrera.com\/weblog3\/wp-json\/wp\/v2\/posts\/2002002472\/revisions\/2002002476"}],"wp:featuredmedia":[{"embeddable":true,"href":"http:\/\/www.elenacabrera.com\/weblog3\/wp-json\/wp\/v2\/media\/2002002477"}],"wp:attachment":[{"href":"http:\/\/www.elenacabrera.com\/weblog3\/wp-json\/wp\/v2\/media?parent=2002002472"}],"wp:term":[{"taxonomy":"category","embeddable":true,"href":"http:\/\/www.elenacabrera.com\/weblog3\/wp-json\/wp\/v2\/categories?post=2002002472"},{"taxonomy":"post_tag","embeddable":true,"href":"http:\/\/www.elenacabrera.com\/weblog3\/wp-json\/wp\/v2\/tags?post=2002002472"}],"curies":[{"name":"wp","href":"https:\/\/api.w.org\/{rel}","templated":true}]}}