{"id":2002002496,"date":"2019-05-14T12:26:59","date_gmt":"2019-05-14T10:26:59","guid":{"rendered":"http:\/\/www.elenacabrera.com\/weblog\/?p=2002002496"},"modified":"2019-05-14T12:26:59","modified_gmt":"2019-05-14T10:26:59","slug":"los-poetas-salen-los-miercoles","status":"publish","type":"post","link":"http:\/\/www.elenacabrera.com\/weblog3\/2019\/05\/14\/los-poetas-salen-los-miercoles\/","title":{"rendered":"Los poetas salen los mi\u00e9rcoles"},"content":{"rendered":"<p>\u201cEst\u00e1 fatal poner en tu Instagram fotos que no has hecho t\u00fa\u201d, le recrimina una chica a otra en la calle Ruiz, vena vial que desemboca en la plaza del Dos de Mayo de Madrid, oscuro coraz\u00f3n del barrio de <strong>Malasa\u00f1a<\/strong>. Se lo escucho decir a punto de entrar en el <strong>bar Aleatorio<\/strong>, donde esta noche hay jam de poes\u00eda. Me acerco a la barra y pido una vaso de vino tinto, el que tengan. Me lo sirve el poeta <strong>Carlos Salem<\/strong>.<\/p>\n<p>Le doy un trago y pienso que la botella no puede valer lo que me acaban de cobrar. Me ponen triste los vinos tristes, as\u00ed que me quedo un rato mirando a la nada, sin hacer nada, yo sola. Suena m\u00fasica pero no est\u00e1 tan alta como para que se distingan las canciones. Empiezo a aburrirme. Un buen rato despu\u00e9s se acerca de nuevo el poeta Salem y me indica que para leer en la jam tengo que apuntarme en el cuaderno. No, no, no, yo no no vengo a leer, le digo. Pero un minuto despu\u00e9s pienso: \u00bfestar\u00eda fatal leer en una jam poemas que no has hecho t\u00fa?<\/p>\n<p>Una jam po\u00e9tica es una sesi\u00f3n bastante larga de micro abierto donde escritoras y escritores saltan del p\u00fablico al foco y leen algo suyo. As\u00ed que, una vez m\u00e1s, acaricio la idea: \u00bfse dar\u00edan cuenta de que lo m\u00edo no es m\u00edo? Hoy es mi\u00e9rcoles, noche abierta en Aleatorio, el lugar de Madrid en el que se emborrachan los poetas m\u00e1s j\u00f3venes, como hac\u00edan los mayores hace a\u00f1os en el <strong>Bukowski<\/strong>, que tambi\u00e9n regentaba Carlos Salem.<\/p>\n<p style=\"text-align: right;\"><a href=\"https:\/\/www.lasexta.com\/tribus-ocultas\/libros\/poetas-son-nuevos-rockeros-lugar-viernes-salen-miercoles_201905135cda3dfb0cf209297f174097.html\">&#8230;Sigue leyendo en Tribus Ocultas.<\/a><\/p>\n","protected":false},"excerpt":{"rendered":"<p>\u201cEst\u00e1 fatal poner en tu Instagram fotos que no has hecho t\u00fa\u201d, le recrimina una chica a otra en la calle Ruiz, vena vial que desemboca en la plaza del Dos de Mayo de Madrid, oscuro coraz\u00f3n del barrio de Malasa\u00f1a. Se lo escucho decir a punto de entrar en el bar Aleatorio, donde esta [&hellip;]<\/p>\n","protected":false},"author":1,"featured_media":2002002497,"comment_status":"closed","ping_status":"closed","sticky":false,"template":"","format":"standard","meta":{"footnotes":""},"categories":[],"tags":[],"class_list":["post-2002002496","post","type-post","status-publish","format-standard","has-post-thumbnail","hentry"],"_links":{"self":[{"href":"http:\/\/www.elenacabrera.com\/weblog3\/wp-json\/wp\/v2\/posts\/2002002496","targetHints":{"allow":["GET"]}}],"collection":[{"href":"http:\/\/www.elenacabrera.com\/weblog3\/wp-json\/wp\/v2\/posts"}],"about":[{"href":"http:\/\/www.elenacabrera.com\/weblog3\/wp-json\/wp\/v2\/types\/post"}],"author":[{"embeddable":true,"href":"http:\/\/www.elenacabrera.com\/weblog3\/wp-json\/wp\/v2\/users\/1"}],"replies":[{"embeddable":true,"href":"http:\/\/www.elenacabrera.com\/weblog3\/wp-json\/wp\/v2\/comments?post=2002002496"}],"version-history":[{"count":1,"href":"http:\/\/www.elenacabrera.com\/weblog3\/wp-json\/wp\/v2\/posts\/2002002496\/revisions"}],"predecessor-version":[{"id":2002002498,"href":"http:\/\/www.elenacabrera.com\/weblog3\/wp-json\/wp\/v2\/posts\/2002002496\/revisions\/2002002498"}],"wp:featuredmedia":[{"embeddable":true,"href":"http:\/\/www.elenacabrera.com\/weblog3\/wp-json\/wp\/v2\/media\/2002002497"}],"wp:attachment":[{"href":"http:\/\/www.elenacabrera.com\/weblog3\/wp-json\/wp\/v2\/media?parent=2002002496"}],"wp:term":[{"taxonomy":"category","embeddable":true,"href":"http:\/\/www.elenacabrera.com\/weblog3\/wp-json\/wp\/v2\/categories?post=2002002496"},{"taxonomy":"post_tag","embeddable":true,"href":"http:\/\/www.elenacabrera.com\/weblog3\/wp-json\/wp\/v2\/tags?post=2002002496"}],"curies":[{"name":"wp","href":"https:\/\/api.w.org\/{rel}","templated":true}]}}