{"id":2002002506,"date":"2019-05-20T17:57:58","date_gmt":"2019-05-20T15:57:58","guid":{"rendered":"http:\/\/www.elenacabrera.com\/weblog\/?p=2002002506"},"modified":"2019-05-23T01:40:10","modified_gmt":"2019-05-22T23:40:10","slug":"ciudad-compacta-praga-dos-mil-palabras","status":"publish","type":"post","link":"http:\/\/www.elenacabrera.com\/weblog3\/2019\/05\/20\/ciudad-compacta-praga-dos-mil-palabras\/","title":{"rendered":"Ciudad compacta: Praga, dos mil palabras"},"content":{"rendered":"<p><a href=\"http:\/\/www.elenacabrera.com\/weblog\/tag\/the-cry-project\/\">The Cry Project<\/a> fue un colectivo de periodistas y dise\u00f1adores que realiz\u00f3 varios artefactos culturales a principios de la d\u00e9cada de los dos mil. <a href=\"http:\/\/www.elenacabrera.com\/weblog\/galaxias-robadas-eurotrash\/\">Ya he hablado de ello en este post anterior<\/a>.<\/p>\n<p>El segundo libro en el que particip\u00e9 se titul\u00f3 <a href=\"http:\/\/www.elenacabrera.com\/weblog\/tag\/ciudad-compacta\/\"><em>Ciudad compacta<\/em><\/a> y esta vez escrib\u00ed en solitario sobre la relaci\u00f3n de una ciudad con la m\u00fasica, en un texto de ficci\u00f3n que titul\u00e9 <em>Dos mil palabras<\/em> y que suced\u00eda en Praga, lugar en el que hab\u00eda pasado casi una semana poco tiempo antes.<\/p>\n<p>Al igual que <em>Galaxias robadas<\/em>, <em>Ciudad compacta<\/em> (publicado en abril de 2004) tambi\u00e9n era un libro cuadrado, pero en esta ocasi\u00f3n ten\u00eda m\u00e1s sentido, porque alud\u00eda a la idea de ced\u00e9 como formato musical fetiche. El subt\u00edtulo del libro era: \u00abGr\u00e1bame un CD cuando llegues al para\u00edso\u00bb. Era, por llamarlo as\u00ed, un libro de viajes y m\u00fasica \u00abpara todos aquellos que se escapar\u00edan a una isla desierta, siempre y cuando hubieran platillos volantes en forma de CD\u00bb.<\/p>\n<p>En este libro, adem\u00e1s de Jordi Salvat y M\u00e0ria Su\u00e1rez, hab\u00eda textos de Raquel Ramos, Lloren\u00e7 Roviras o Santi Mayor Farguell, entre otros, aunque la lista de autores era m\u00e1s comedida que en el proyecto anterior.<\/p>\n<p>Escrib\u00ed este relato cuando ten\u00eda 28 a\u00f1os y a\u00fan segu\u00eda embarrada en mi largo atasco creativo, del que no creo haber salido. Consider\u00e9 que este intento hab\u00eda sido fallido, por pretencioso y confuso. Mejor o peor, forma parte de m\u00ed y (re)publicarlo me ayuda a aceptarlo. A desenterrarme.<\/p>\n<p>En estos casi quince a\u00f1os transcurridos he aprendido mucha t\u00e9cnica, pero he perdido el arrojo y la desverg\u00fcenza de entonces. Es posible que una caracter\u00edstica sin las otras tampoco sirva de mucho.<\/p>\n<p>[pdf-embedder url=\u00bbhttp:\/\/www.elenacabrera.com\/weblog\/wp-content\/uploads\/Ciudad-Compacta-Dos-mil-palabras-Elena-Cabrera-compressed.pdf\u00bb title=\u00bbCiudad Compacta &#8211; Dos mil palabras- Elena Cabrera\u00bb]<\/p>\n<p><a href=\"https:\/\/drive.google.com\/open?id=1c3D5qz5Rzci5pm_W4P0UyzFfanoGayOn\">Descargar PDF sin compresion<\/a>.<\/p>\n","protected":false},"excerpt":{"rendered":"<p>El segundo libro de The Cry Project en el que particip\u00e9 se titul\u00f3 Ciudad compacta y esta vez escrib\u00ed en solitario sobre la relaci\u00f3n de una ciudad con la m\u00fasica, en un texto de ficci\u00f3n que titul\u00e9 Dos mil palabras y que suced\u00eda en Praga, lugar en el que hab\u00eda pasado casi una semana poco tiempo antes.<\/p>\n","protected":false},"author":1,"featured_media":2002002519,"comment_status":"closed","ping_status":"closed","sticky":false,"template":"","format":"standard","meta":{"footnotes":""},"categories":[],"tags":[],"class_list":["post-2002002506","post","type-post","status-publish","format-standard","has-post-thumbnail","hentry"],"_links":{"self":[{"href":"http:\/\/www.elenacabrera.com\/weblog3\/wp-json\/wp\/v2\/posts\/2002002506","targetHints":{"allow":["GET"]}}],"collection":[{"href":"http:\/\/www.elenacabrera.com\/weblog3\/wp-json\/wp\/v2\/posts"}],"about":[{"href":"http:\/\/www.elenacabrera.com\/weblog3\/wp-json\/wp\/v2\/types\/post"}],"author":[{"embeddable":true,"href":"http:\/\/www.elenacabrera.com\/weblog3\/wp-json\/wp\/v2\/users\/1"}],"replies":[{"embeddable":true,"href":"http:\/\/www.elenacabrera.com\/weblog3\/wp-json\/wp\/v2\/comments?post=2002002506"}],"version-history":[{"count":7,"href":"http:\/\/www.elenacabrera.com\/weblog3\/wp-json\/wp\/v2\/posts\/2002002506\/revisions"}],"predecessor-version":[{"id":2002002540,"href":"http:\/\/www.elenacabrera.com\/weblog3\/wp-json\/wp\/v2\/posts\/2002002506\/revisions\/2002002540"}],"wp:featuredmedia":[{"embeddable":true,"href":"http:\/\/www.elenacabrera.com\/weblog3\/wp-json\/wp\/v2\/media\/2002002519"}],"wp:attachment":[{"href":"http:\/\/www.elenacabrera.com\/weblog3\/wp-json\/wp\/v2\/media?parent=2002002506"}],"wp:term":[{"taxonomy":"category","embeddable":true,"href":"http:\/\/www.elenacabrera.com\/weblog3\/wp-json\/wp\/v2\/categories?post=2002002506"},{"taxonomy":"post_tag","embeddable":true,"href":"http:\/\/www.elenacabrera.com\/weblog3\/wp-json\/wp\/v2\/tags?post=2002002506"}],"curies":[{"name":"wp","href":"https:\/\/api.w.org\/{rel}","templated":true}]}}