{"id":2002002508,"date":"2019-05-20T17:11:44","date_gmt":"2019-05-20T15:11:44","guid":{"rendered":"http:\/\/www.elenacabrera.com\/weblog\/?p=2002002508"},"modified":"2019-05-23T01:40:51","modified_gmt":"2019-05-22T23:40:51","slug":"galaxias-robadas-eurotrash","status":"publish","type":"post","link":"http:\/\/www.elenacabrera.com\/weblog3\/2019\/05\/20\/galaxias-robadas-eurotrash\/","title":{"rendered":"Galaxias robadas: Eurotrash"},"content":{"rendered":"<p>Encabalgados en el cambio de siglo, existi\u00f3 el colectivo The Cry Project, formado por Jordi Salvat, <a href=\"http:\/\/www.pajarerianewton.com\/\">M\u00e0ria Su\u00e0rez<\/a>, Mary C. S\u00e1nchez y Juan Antonio Gallego. De ellos, yo conoc\u00eda a los dos primeros, a Jordi y a M\u00e0ria, dos periodistas catalanes que se hab\u00edan venido a vivir a Madrid y por los que yo sent\u00eda cierta admiraci\u00f3n. <a href=\"https:\/\/www.linkedin.com\/in\/jordisalvat\/\">Jordi<\/a> era redactor jefe de Vanidad (hoy trabaja en TV3), revista para la que yo escrib\u00eda y, por pura casualidad me reencontr\u00e9, al menos en la distancia, virtualmente con M\u00e0ria cuando entr\u00e9 a trabajar como redactora en Madrid (brevemente) en la revista de dise\u00f1o Experimenta, cuya delegaci\u00f3n en Barcelona ella dirig\u00eda.<\/p>\n<p><a href=\"http:\/\/www.elenacabrera.com\/weblog\/tag\/the-cry-project\/\">The Cry Project<\/a> era un grupo de periodistas y dise\u00f1adores, dirigido por Jordi, que creaban obras colectivas conceptuales. <em>Galaxias robadas<\/em> (2001) y <em>Ciudad compacta<\/em> (2004) fueron las dos en las que yo particip\u00e9. En su texto de presentaci\u00f3n se dec\u00eda que este cre\u00eda en \u00abla transgresi\u00f3n, el libertinaje, la evoluci\u00f3n constante, el valor de la est\u00e9tica, la creatividad y la promiscuidad cultural\u00bb.<\/p>\n<p><em>Galaxias robadas<\/em> se hab\u00eda planificado a medio camino entre la creaci\u00f3n art\u00edstica\/literaria y el periodismo. Ten\u00eda un subt\u00edtulo, \u00abLos insolentes del pasado so\u00f1aron el futuro con trajes gal\u00e1cticos\u00bb, que define la tem\u00e1tica com\u00fan del libro: una panor\u00e1mica sobre c\u00f3mo imaginaban el futuro del siglo XXI los visionarios de las diferentes d\u00e9cadas del siglo XX. Un libro milenarista surgido del impacto -vivido con desilusi\u00f3n o expectaci\u00f3n, pero sobre todo lo primero- en el que todos est\u00e1bamos sumidos en el a\u00f1o 2001. Adem\u00e1s de los trabajos narrativos de los diez periodistas (por nombrar alguno, adem\u00e1s de los miembros del colectivo, estaban Rafa Rodr\u00edguez y Sara S\u00e1ez (los 40), Elsa Fern\u00e1ndez-Santos (los 60) o Jes\u00fas Llorente (los 70), hab\u00eda tambi\u00e9n otros diez creadores gr\u00e1ficos (Ramiro e (los 00), Jordi Labanda (los 60) o Araceli Segura y Salvador Alimbau (los 80)).<\/p>\n<p>Aldo Linares y yo escribimos mano a mano el cap\u00edtulo de los 90, que fue ilustrado por Carles Congost. \u00abY entonces, como traicionado por la propia velocidad del tiempo, el hombre descubre que est\u00e1 viviendo a las puertas del siglo XXI y en lugar de verlo todo mucho m\u00e1s claro y cercano, el ma\u00f1ana se le hace su cabe m\u00e1s confuso. Es lo que les ocurre a Elena Cabrera y Aldo Linares en su texto a dos bandas\u00bb, escribieron sobre lo nuestro en el pr\u00f3logo.<\/p>\n<p>El libro fue publicado por <a href=\"https:\/\/www.traficantes.net\/editoriales\/numa-ediciones-0\">Numa<\/a>, una editorial valenciana desaparecida y de vida breve. Por ello, he escaneado el texto, titulado <em>Eurotrash<\/em>, que aqu\u00ed os dejo, as\u00ed como <a href=\"http:\/\/www.elenacabrera.com\/weblog\/ciudad-compacta-praga-dos-mil-palabras\/\">el que escrib\u00ed para <em>Ciudad compacta<\/em> (en otro post)<\/a>.<\/p>\n<p>[pdf-embedder url=\u00bbhttp:\/\/www.elenacabrera.com\/weblog\/wp-content\/uploads\/Galaxias-Robadas-Eurotrash-Aldo-Linares-y-Elena-Cabrera.pdf\u00bb title=\u00bbGalaxias Robadas &#8211; Eurotrash &#8211; Aldo Linares y Elena Cabrera\u00bb]<\/p>\n<p><a href=\"http:\/\/www.elenacabrera.com\/weblog\/wp-content\/uploads\/Galaxias-Robadas-Eurotrash-Aldo-Linares-y-Elena-Cabrera.pdf\">Descargar PDF<\/a>.<\/p>\n","protected":false},"excerpt":{"rendered":"<p>Encabalgados en el cambio de siglo, existi\u00f3 el colectivo The Cry Project, formado por Jordi Salvat, M\u00e0ria Su\u00e0rez, Mary C. S\u00e1nchez y Juan Antonio Gallego. De ellos, yo conoc\u00eda a los dos primeros, a Jordi y a M\u00e0ria, dos periodistas catalanes que se hab\u00edan venido a vivir a Madrid y por los que yo sent\u00eda [&hellip;]<\/p>\n","protected":false},"author":1,"featured_media":2002002515,"comment_status":"closed","ping_status":"closed","sticky":false,"template":"","format":"standard","meta":{"footnotes":""},"categories":[],"tags":[],"class_list":["post-2002002508","post","type-post","status-publish","format-standard","has-post-thumbnail","hentry"],"_links":{"self":[{"href":"http:\/\/www.elenacabrera.com\/weblog3\/wp-json\/wp\/v2\/posts\/2002002508","targetHints":{"allow":["GET"]}}],"collection":[{"href":"http:\/\/www.elenacabrera.com\/weblog3\/wp-json\/wp\/v2\/posts"}],"about":[{"href":"http:\/\/www.elenacabrera.com\/weblog3\/wp-json\/wp\/v2\/types\/post"}],"author":[{"embeddable":true,"href":"http:\/\/www.elenacabrera.com\/weblog3\/wp-json\/wp\/v2\/users\/1"}],"replies":[{"embeddable":true,"href":"http:\/\/www.elenacabrera.com\/weblog3\/wp-json\/wp\/v2\/comments?post=2002002508"}],"version-history":[{"count":6,"href":"http:\/\/www.elenacabrera.com\/weblog3\/wp-json\/wp\/v2\/posts\/2002002508\/revisions"}],"predecessor-version":[{"id":2002002541,"href":"http:\/\/www.elenacabrera.com\/weblog3\/wp-json\/wp\/v2\/posts\/2002002508\/revisions\/2002002541"}],"wp:featuredmedia":[{"embeddable":true,"href":"http:\/\/www.elenacabrera.com\/weblog3\/wp-json\/wp\/v2\/media\/2002002515"}],"wp:attachment":[{"href":"http:\/\/www.elenacabrera.com\/weblog3\/wp-json\/wp\/v2\/media?parent=2002002508"}],"wp:term":[{"taxonomy":"category","embeddable":true,"href":"http:\/\/www.elenacabrera.com\/weblog3\/wp-json\/wp\/v2\/categories?post=2002002508"},{"taxonomy":"post_tag","embeddable":true,"href":"http:\/\/www.elenacabrera.com\/weblog3\/wp-json\/wp\/v2\/tags?post=2002002508"}],"curies":[{"name":"wp","href":"https:\/\/api.w.org\/{rel}","templated":true}]}}