{"id":2002002711,"date":"2019-05-29T11:20:35","date_gmt":"2019-05-29T09:20:35","guid":{"rendered":"http:\/\/www.elenacabrera.com\/weblog\/?p=2002002711"},"modified":"2019-05-29T12:25:05","modified_gmt":"2019-05-29T10:25:05","slug":"la-paseadora","status":"publish","type":"post","link":"http:\/\/www.elenacabrera.com\/weblog3\/2019\/05\/29\/la-paseadora\/","title":{"rendered":"La paseadora"},"content":{"rendered":"\n<p>Como ya <a href=\"http:\/\/www.elenacabrera.com\/weblog\/paseos-por-la-prospe-inscripciones-abiertas\/\">he contado por aqu\u00ed<\/a>, este a\u00f1o he alentado dos paseos colectivos comentados en abril, que fueron <a href=\"http:\/\/www.elenacabrera.com\/weblog\/album-de-fotos-del-paseo-musical-por-la-prospe\/\">repetidos el mes de mayo<\/a>. Nunca se me habr\u00eda ocurrido hacerlos por m\u00ed misma, as\u00ed que fue maravilloso que las programadoras de <strong>CiudaDistrito<\/strong> (del Ayuntamiento de Madrid) me animaran a proponer un proyecto. Lo hice, les gust\u00f3 a ellas y tambi\u00e9n a la <strong>Junta Municipal de Chamart\u00edn<\/strong>, que es el distrito en el que tendr\u00edan lugar.<\/p>\n\n\n\n<p>Los pens\u00e9 para el barrio en el que vivo desde hace diez a\u00f1os: Prosperidad. Mi zona madrile\u00f1a de referencia siempre ha sido el Este. Crec\u00ed en <strong>Canillejas<\/strong>. Cuando me independic\u00e9 me fui a vivir a <strong>Barcelona<\/strong> (m\u00e1s al Este no me pod\u00eda ir sin caerme al mar). Al volver, viv\u00ed en <strong>Malasa\u00f1a<\/strong> unos a\u00f1os. Despu\u00e9s, en mi segunda independencia, regres\u00e9 a las andadas, a un piso en la <strong>Guindalera<\/strong>. Unos a\u00f1os despu\u00e9s, cruc\u00e9 el r\u00edo que supone la Avenida de Am\u00e9rica para comprar un piso unas calles m\u00e1s all\u00e1, en <strong>La Prospe<\/strong>. No estoy lejos de donde nac\u00ed, en un hospital peque\u00f1o en la <strong>calle Juan Bravo<\/strong>.<\/p>\n\n\n\n<p>Soy madrile\u00f1a, aunque siempre he vivido con la sensaci\u00f3n de que estoy aqu\u00ed de prestado, por error, y que en realidad deber\u00eda vivir en <strong>A Coru\u00f1a<\/strong>. Supongo que eso le pasa a mucha gente, que se sienten descolocada. Por eso hago esfuerzos por ser tanto de un sitio como del otro. Esos esfuerzos se traducen de muchas maneras, y una de ellas es <strong>trabajando la memoria y la historia de los lugares que habito<\/strong>. Es esfuerzo pero no me cuesta demasiado, es algo que me fascina, de siempre.<\/p>\n\n\n\n<p>En estos paseos por La Prospe he aprendido mucho porque los conocimientos que ya ten\u00eda se han fundido con los lugares y las personas. Ha sido raro y no me lo esperaba. Le dije a los grupos que uno de los objetivos era que, al volver a pasar por all\u00ed, recordaran la historia de los lugares. <strong>De alguna forma quedan transformados<\/strong>. Para m\u00ed ya eran as\u00ed pero ahora lo son m\u00e1s, de una manera m\u00e1s real y colectiva.<\/p>\n\n\n\n<p>CiudaDistrito ha publicado el material de mano complementario que hice para los paseos, para su lectura y descarga. Pero en realidad lo que mola es pasearlo con gente y <strong>contarnos mutuamente historias<\/strong>, como ha sucedido en las cuatro ocasiones. Espero, la verdad, volver a repetirlos.<\/p>\n\n\n\n<p>Otra manera de revivirlo es este maravilloso art\u00edculo escrito por mi buen amigo <strong>Henrique Mari\u00f1o<\/strong>, en P\u00fablico: <em><a href=\"https:\/\/www.publico.es\/culturas\/musica-prosperidad-nueva-ola-movida-madrilena.html\">La Prospe, el barrio que propag\u00f3 la nueva ola<\/a><\/em>.<\/p>\n\n\n\n<p class=\"wp-block-pdfemb-pdf-embedder-viewer\"><\/p>\n\n\n\n<p class=\"wp-block-pdfemb-pdf-embedder-viewer\"><\/p>\n\n\n\n<p>Y aqu\u00ed la <a rel=\"noreferrer noopener\" aria-label=\"playlist de Spotify de 20 canciones para escuchar mientras se hace el recorrido (abre en una nueva pesta\u00f1a)\" href=\"https:\/\/open.spotify.com\/playlist\/1FBfYJ0TZ7redN14eUaZwL\" target=\"_blank\">playlist de Spotify de 20 canciones para escuchar mientras se hace el recorrido<\/a> (o antes o despu\u00e9s) de la memoria musical de La Prospe.<\/p>\n","protected":false},"excerpt":{"rendered":"<p>Como ya he contado por aqu\u00ed, este a\u00f1o he alentado dos paseos colectivos comentados en abril, que fueron repetidos el mes de mayo. Nunca se me habr\u00eda ocurrido hacerlos por m\u00ed misma, as\u00ed que fue maravilloso que las programadoras de CiudaDistrito (del Ayuntamiento de Madrid) me animaran a proponer un proyecto. Lo hice, les gust\u00f3 [&hellip;]<\/p>\n","protected":false},"author":1,"featured_media":2002002715,"comment_status":"closed","ping_status":"closed","sticky":false,"template":"","format":"standard","meta":{"footnotes":""},"categories":[],"tags":[],"class_list":["post-2002002711","post","type-post","status-publish","format-standard","has-post-thumbnail","hentry"],"_links":{"self":[{"href":"http:\/\/www.elenacabrera.com\/weblog3\/wp-json\/wp\/v2\/posts\/2002002711","targetHints":{"allow":["GET"]}}],"collection":[{"href":"http:\/\/www.elenacabrera.com\/weblog3\/wp-json\/wp\/v2\/posts"}],"about":[{"href":"http:\/\/www.elenacabrera.com\/weblog3\/wp-json\/wp\/v2\/types\/post"}],"author":[{"embeddable":true,"href":"http:\/\/www.elenacabrera.com\/weblog3\/wp-json\/wp\/v2\/users\/1"}],"replies":[{"embeddable":true,"href":"http:\/\/www.elenacabrera.com\/weblog3\/wp-json\/wp\/v2\/comments?post=2002002711"}],"version-history":[{"count":6,"href":"http:\/\/www.elenacabrera.com\/weblog3\/wp-json\/wp\/v2\/posts\/2002002711\/revisions"}],"predecessor-version":[{"id":2002002720,"href":"http:\/\/www.elenacabrera.com\/weblog3\/wp-json\/wp\/v2\/posts\/2002002711\/revisions\/2002002720"}],"wp:featuredmedia":[{"embeddable":true,"href":"http:\/\/www.elenacabrera.com\/weblog3\/wp-json\/wp\/v2\/media\/2002002715"}],"wp:attachment":[{"href":"http:\/\/www.elenacabrera.com\/weblog3\/wp-json\/wp\/v2\/media?parent=2002002711"}],"wp:term":[{"taxonomy":"category","embeddable":true,"href":"http:\/\/www.elenacabrera.com\/weblog3\/wp-json\/wp\/v2\/categories?post=2002002711"},{"taxonomy":"post_tag","embeddable":true,"href":"http:\/\/www.elenacabrera.com\/weblog3\/wp-json\/wp\/v2\/tags?post=2002002711"}],"curies":[{"name":"wp","href":"https:\/\/api.w.org\/{rel}","templated":true}]}}