{"id":2002002722,"date":"2019-06-03T11:42:46","date_gmt":"2019-06-03T09:42:46","guid":{"rendered":"http:\/\/www.elenacabrera.com\/weblog\/?p=2002002722"},"modified":"2019-06-03T12:03:39","modified_gmt":"2019-06-03T10:03:39","slug":"centrales-termicas-abandonadas","status":"publish","type":"post","link":"http:\/\/www.elenacabrera.com\/weblog3\/2019\/06\/03\/centrales-termicas-abandonadas\/","title":{"rendered":"Las centrales t\u00e9rmicas abandonadas: entre la especulaci\u00f3n y el horror"},"content":{"rendered":"\n<p>Ocurri\u00f3 en <a href=\"http:\/\/www.elenacabrera.com\/weblog\/viaje-teruel\/\">nuestro reciente viaje por el <\/a><strong><a href=\"http:\/\/www.elenacabrera.com\/weblog\/viaje-teruel\/\">Maestrazgo<\/a><\/strong>. No la est\u00e1bamos buscando, ni siquiera conoc\u00eda su existencia, as\u00ed que la aparici\u00f3n de la <strong>Central T\u00e9rmica de Aliaga<\/strong> en mitad de nuestro camino fue todav\u00eda m\u00e1s impresionante. <strong>La armon\u00eda de su belleza industrial<\/strong>, la serenidad con la que se apropia del territorio y el silencio con el que se sume en su abandono me conmovieron. Bajamos del coche y la observamos desde el costado de la carretera. Pens\u00e9 que ten\u00eda que escribir sobre ella.<\/p>\n\n\n\n<p>El siguiente art\u00edculo nace de la pregunta que me hice cuando retomamos nuestro camino, el cual nos llevar\u00eda a un lugar que obviamente dialoga con lo que acabamos de ver:<strong> las minas de Se Ver\u00e1 y Pozo Pilar<\/strong>, junto a su propia central t\u00e9rmica, en Escucha. Pens\u00e9 sobre qu\u00e9 deber\u00eda hacerse con ese lugar innecesario y abandonado. No s\u00e9 lo que se <em>deber\u00eda<\/em> hacer. Personalmente, s\u00e9 lo que yo querr\u00eda que se hiciera: <strong>nada<\/strong>. Me gustar\u00eda que Aliaga permaneciese para siempre congelada en el instante en el que la vi por primera vez, arrebatadora y distante. Otra cosa es lo que se <em>podr\u00eda<\/em> hacer con ella. Ese era el reportaje: averiguar qu\u00e9 piensan las personas a las que les afecta y les importa sobre el futuro de las t\u00e9rmicas abandonadas.<\/p>\n\n\n\n<p>Cuando empec\u00e9 a investigar no ten\u00eda ni idea de todo lo que supe despu\u00e9s, desde el rodaje del anuncio del S\u00f3nar en 2012 donde la central turolense se convert\u00eda en una instalaci\u00f3n siberiana (lo habr\u00eda visto, pero lo habr\u00eda olvidado) hasta los <strong>planes delirantes (y bastante probables) de instalar all\u00ed una sucursal del parque tem\u00e1tico de los dinosaurio<\/strong>s que tanto \u00e9xito tiene en Teruel (y que afortunadamente no llegamos a visitar, aunque estaba en nuestros planes para compensar a Eleonor por su paciencia con nuestros intereses).<\/p>\n\n\n\n<figure class=\"wp-block-image\"><img loading=\"lazy\" decoding=\"async\" width=\"1024\" height=\"429\" src=\"http:\/\/www.elenacabrera.com\/weblog\/wp-content\/uploads\/Aliaga_Sonar-1024x429.png\" alt=\"\" class=\"wp-image-2002002728\" srcset=\"http:\/\/www.elenacabrera.com\/weblog3\/wp-content\/uploads\/Aliaga_Sonar-1024x429.png 1024w, http:\/\/www.elenacabrera.com\/weblog3\/wp-content\/uploads\/Aliaga_Sonar-300x126.png 300w, http:\/\/www.elenacabrera.com\/weblog3\/wp-content\/uploads\/Aliaga_Sonar-768x322.png 768w, http:\/\/www.elenacabrera.com\/weblog3\/wp-content\/uploads\/Aliaga_Sonar.png 1918w\" sizes=\"auto, (max-width: 1024px) 100vw, 1024px\" \/><figcaption>Captura del video comercial de presentaci\u00f3n del S\u00f3nar 2012.<\/figcaption><\/figure>\n\n\n\n<p>De todo lo que se pod\u00eda contar sobre las segundas vidas de las centrales t\u00e9rmicas desmanteladas, eleg\u00ed cuatro historias, aunque para no pasarme de extensi\u00f3n tuve que enfocarme en dos y apenas apuntar las otras. Junto a la de Aliaga, me pareci\u00f3 interesante hablar de Sant Adri\u00e0 del Bes\u00f2s. De aquella importante central situada entre Barcelona y Badalona, frente al mar y al otro lado del r\u00edo Bes\u00f2s, tan solo queda en pie sus reconocibles Tres Chimeneas y la nave de turbinas. No dir\u00eda alegremente que ambas siguen ah\u00ed gracias a que han sido declaradas Bien de Inter\u00e9s Cultural, ya que el poder simb\u00f3lico de las chimeneas es grande, pero lo mismo la nave de turbinas s\u00ed hab\u00eda ca\u00eddo, como el resto de la central, para dar v\u00eda libre a la especulaci\u00f3n inmobiliaria de los terrenos. Si me interesaba las Tres Chimeneas es porque los ayuntamientos implicados hab\u00edan propuesto un proceso de participaci\u00f3n ciudadana para deliberar sobre su futuro. \u00bfBonito, no? Eso quer\u00eda contar, hasta que al rascar un poco me top\u00e9 con las cr\u00edticas al propio proceso, que se\u00f1alaban su inutilidad como herramienta para proponer algo distinto que no fuera refrendar el Plan Director de la Generalitat. Por m\u00e1s que se quiera esconder, este plan tiene en su p\u00e1gina 93 un dato clave: 154.700 metros cuadrados, el 47 por ciento del suelo que se quiere recalificar, estar\u00eda destinado a construir 1.719 viviendas. La densidad poblacional de esta zona ya es asfixiantemente alta -y al parecer innecesaria- como para construir m\u00e1s vivienda. <\/p>\n\n\n\n<p>Me interesaba, pues, <strong>la tensi\u00f3n que se abre ante la oportunidad<\/strong> que ofrece el cad\u00e1ver de una inmensa central t\u00e9rmica, entre <strong>los intereses de los propietarios (lo cual desemboca en la especulaci\u00f3n)<\/strong> y los de<strong> la ciudadan\u00eda (que busca una dotaci\u00f3n que responda a necesidades sociales<\/strong> del territorio en el que se ubica). Este conflicto est\u00e1 cruzado por la evidencia de la obligaci\u00f3n de proteger nuestro patrimonio industrial en un pa\u00eds, <a rel=\"noreferrer noopener\" aria-label=\"como bien resalta siempre la Asociaci\u00f3n Apudepa (abre en una nueva pesta\u00f1a)\" href=\"https:\/\/www.elconfidencial.com\/cultura\/2014-10-27\/zaragoza-tambien-tiene-un-cabanyal_408326\/\" target=\"_blank\">como bien resalta siempre la Asociaci\u00f3n Apudepa<\/a>, al que <a href=\"http:\/\/www.elenacabrera.com\/weblog\/la-especulacion-acaba-con-la-memoria-historica-del-trabajo\/\">le cuesta valorar este tipo de legado<\/a>.<\/p>\n\n\n\n<p>Las otras dos centrales que merece la pena nombrar es la de Ponferrada, convertida en un museo llamado F\u00e1brica de luz y del que solo he o\u00eddo cosas buenas, y la de Cercs, escenario para los fantasmas de la famosa lluvia \u00e1cida de los 80 y hoy ubicaci\u00f3n de otro escenario que parece una parodia cruel: la instalaci\u00f3n del ef\u00edmero parque tem\u00e1tico del terror (s<em>cream park<\/em>) Horrorland, que se abri\u00f3 durante quince d\u00edas en 2018 y se volver\u00e1 a plantar all\u00ed en octubre de este a\u00f1o.<\/p>\n\n\n\n<figure class=\"wp-block-image\"><img loading=\"lazy\" decoding=\"async\" width=\"1024\" height=\"515\" src=\"http:\/\/www.elenacabrera.com\/weblog\/wp-content\/uploads\/horrorland-1024x515.jpg\" alt=\"\" class=\"wp-image-2002002731\" srcset=\"http:\/\/www.elenacabrera.com\/weblog3\/wp-content\/uploads\/horrorland-1024x515.jpg 1024w, http:\/\/www.elenacabrera.com\/weblog3\/wp-content\/uploads\/horrorland-300x151.jpg 300w, http:\/\/www.elenacabrera.com\/weblog3\/wp-content\/uploads\/horrorland-768x387.jpg 768w, http:\/\/www.elenacabrera.com\/weblog3\/wp-content\/uploads\/horrorland.jpg 1200w\" sizes=\"auto, (max-width: 1024px) 100vw, 1024px\" \/><figcaption>Captura del video HorrorLand Scream Park &#8211; Resumen 1\u00aa edici\u00f3n de OcioTerror.<\/figcaption><\/figure>\n\n\n\n<p>Aqu\u00ed va el inicio del reportaje, que <a href=\"http:\/\/bit.ly\/2WbWXWy\" target=\"_blank\" rel=\"noreferrer noopener\" aria-label=\"se puede leer entero en la web de La Sexta, en la secci\u00f3n Tribus Ocultas (abre en una nueva pesta\u00f1a)\">se puede leer entero en la web de La Sexta, en la secci\u00f3n Tribus Ocultas<\/a>.<\/p>\n\n\n\n<hr class=\"wp-block-separator\"\/>\n\n\n\n<p>Por las carreteras tortuosas de asfalto desmenuzado y sin pintar que  vertebran <strong>el Maestrazgo<\/strong> se llega, alg\u00fan d\u00eda, a la <strong>central t\u00e9rmica  abandonada de Aliaga<\/strong>. Aparece de golpe, silenciosa y terca, a medio  romper, admirable desde un improvisado mirador al costado de la  carretera.<\/p>\n\n\n\n<p>Como una boca de dientes mellados, a las ventanas de su  fachada, alargadas y estrechas como chimeneas, solo le quedan algunos cristales en pie.<\/p>\n\n\n\n<p>En cambio, en 1952, Aliaga sacaba pecho con la inauguraci\u00f3n de una poderosa f\u00e1brica de producir electricidad gracias a la extracci\u00f3n de carb\u00f3n de las minas cercanas, el cual bajaba descolg\u00e1ndose por vagonetas a\u00e9reas que desembocaban en esta belleza industrial formada por tres enormes naves. Rode\u00e1ndolas, vemos <strong>el agua t\u00f3xica del embalse creado sobre el r\u00edo Guadalope<\/strong> con el fin de refrigerar la instalaci\u00f3n, la cual permaneci\u00f3 abierta hasta 1982. Primero acabaron con el carb\u00f3n m\u00e1s pr\u00f3ximo y despu\u00e9s, con el de los  alrededores, hasta que el alto coste de alimentar a la bestia con  combustible f\u00f3sil tra\u00eddo de lejos dej\u00f3 de hacerla rentable.<\/p>\n\n\n\n<p>Pero este <strong>ogro industrial<\/strong> no solo engull\u00eda carb\u00f3n, sino tambi\u00e9n trabajadores. Al pueblo le crecieron dos barrios nuevos y hasta dos mil personas habitaron sus calles, ahora vaciadas. El \u00faltimo padr\u00f3n de Aliaga cuenta que son 200 hombres y 158 mujeres.<strong> La central es un fantasma<\/strong> que alguno est\u00e1 pensando ya c\u00f3mo cazar.<\/p>\n\n\n\n<p style=\"text-align:right\"><a href=\"http:\/\/bit.ly\/2WbWXWy\">&#8230;Sigue leyendo en Tribus Ocultas.<\/a><\/p>\n","protected":false},"excerpt":{"rendered":"<p>Fueron el coraz\u00f3n de la energ\u00eda en el siglo XX, transformando carb\u00f3n en electricidad. las que se han ido cerrando forman parte del patrimonio industrial pero resultan tambi\u00e9n golosos terrenos para la especulaci\u00f3n.<\/p>\n","protected":false},"author":1,"featured_media":2002002726,"comment_status":"closed","ping_status":"closed","sticky":false,"template":"","format":"standard","meta":{"footnotes":""},"categories":[],"tags":[],"class_list":["post-2002002722","post","type-post","status-publish","format-standard","has-post-thumbnail","hentry"],"_links":{"self":[{"href":"http:\/\/www.elenacabrera.com\/weblog3\/wp-json\/wp\/v2\/posts\/2002002722","targetHints":{"allow":["GET"]}}],"collection":[{"href":"http:\/\/www.elenacabrera.com\/weblog3\/wp-json\/wp\/v2\/posts"}],"about":[{"href":"http:\/\/www.elenacabrera.com\/weblog3\/wp-json\/wp\/v2\/types\/post"}],"author":[{"embeddable":true,"href":"http:\/\/www.elenacabrera.com\/weblog3\/wp-json\/wp\/v2\/users\/1"}],"replies":[{"embeddable":true,"href":"http:\/\/www.elenacabrera.com\/weblog3\/wp-json\/wp\/v2\/comments?post=2002002722"}],"version-history":[{"count":5,"href":"http:\/\/www.elenacabrera.com\/weblog3\/wp-json\/wp\/v2\/posts\/2002002722\/revisions"}],"predecessor-version":[{"id":2002002741,"href":"http:\/\/www.elenacabrera.com\/weblog3\/wp-json\/wp\/v2\/posts\/2002002722\/revisions\/2002002741"}],"wp:featuredmedia":[{"embeddable":true,"href":"http:\/\/www.elenacabrera.com\/weblog3\/wp-json\/wp\/v2\/media\/2002002726"}],"wp:attachment":[{"href":"http:\/\/www.elenacabrera.com\/weblog3\/wp-json\/wp\/v2\/media?parent=2002002722"}],"wp:term":[{"taxonomy":"category","embeddable":true,"href":"http:\/\/www.elenacabrera.com\/weblog3\/wp-json\/wp\/v2\/categories?post=2002002722"},{"taxonomy":"post_tag","embeddable":true,"href":"http:\/\/www.elenacabrera.com\/weblog3\/wp-json\/wp\/v2\/tags?post=2002002722"}],"curies":[{"name":"wp","href":"https:\/\/api.w.org\/{rel}","templated":true}]}}