{"id":2002002747,"date":"2019-06-11T13:22:14","date_gmt":"2019-06-11T11:22:14","guid":{"rendered":"http:\/\/www.elenacabrera.com\/weblog\/?p=2002002747"},"modified":"2019-06-25T09:57:02","modified_gmt":"2019-06-25T07:57:02","slug":"traspasando-la-linea-de-lo-sagrado","status":"publish","type":"post","link":"http:\/\/www.elenacabrera.com\/weblog3\/2019\/06\/11\/traspasando-la-linea-de-lo-sagrado\/","title":{"rendered":"Traspasando la l\u00ednea de lo sagrado"},"content":{"rendered":"\n<p>Los templos, majestuosos e irreductibles, est\u00e1n as\u00ed dise\u00f1ados para que las personas se sientan muy peque\u00f1as, y sus dioses muy grandes. Elevadas hacia el cielo, catedrales, iglesias, bas\u00edlicas, colegiatas, ermitas, capillas, monasterios, conventos o abad\u00edas poseen una arquitectura soberbia y una ac\u00fastica inimitable. Por qu\u00e9, ser\u00eda la pregunta, si muchas de ellas forman parte del patrimonio hist\u00f3rico espa\u00f1ol, <strong>es la Iglesia quien decide qu\u00e9 m\u00fasica es digna o no<\/strong> para ser interpretada en ellas.<\/p>\n\n\n\n<p>El Derecho Can\u00f3nico lo tiene claro. Can\u00f3nica 1.210: \u201cen un lugar sagrado solo puede admitirse aquello que favorece el ejercicio y el fomento del culto, de la piedad y de la religi\u00f3n\u201d. Pero hay algo m\u00e1s, un \u201csin embargo\u201d: el Ordinario \u2014no necesariamente un obispo\u2014 \u201cpuede permitir, en casos concretos, otros usos, siempre que no sean contrarios a la santidad del lugar\u201d. En caso de duda, <strong>la l\u00ednea que divide lo profano de lo sacro ser\u00e1 dibujada por la mano del cl\u00e9rigo<\/strong>.<\/p>\n\n\n\n<p>Sin embargo \u2014dir\u00edamos, de nuevo\u2014 cuando el grupo <strong>Axivil Aljam\u00eda<\/strong>, quien ya hab\u00eda llevado a muchos templos sagrados la m\u00fasica del siglo XV, incorpor\u00f3 en su propuesta al cantaor <strong>Pedro Sanz<\/strong>, el Obispado de Jaca dijo hasta aqu\u00ed hemos llegado, y prohibi\u00f3 la celebraci\u00f3n del concierto en la iglesia en la que estaba previsto, poniendo en duda \u201cla idoneidad del espect\u00e1culo en un templo sagrado\u201d. <\/p>\n\n\n\n<p>El concierto formaba parte del <strong>Festival Internacional en el Camino de Santiago<\/strong>, <strong>Luis Calvo<\/strong>, era su director en aquel a\u00f1o 2007 y lo sigue siendo ahora. Realiza, \u201c<strong>sin mayores problemas\u201d<\/strong>, explica, conciertos en las distintas iglesias del Camino de Santiago a su paso por el Alto Arag\u00f3n. No ha vuelto a tener problemas con el Obispado desde entonces: \u201cDesde la organizaci\u00f3n somos los primeros en saber que hay conciertos que por el montaje esc\u00e9nico o contenido del mismo no se puede celebrar en una iglesia. Para ello tenemos espacios alternativos como la Ciudadela o el Palacio de Congresos\u201d. <strong>No todo puede hacerse en un lugar de culto.<\/strong><\/p>\n\n\n\n<hr class=\"wp-block-separator\"\/>\n\n\n\n<p style=\"text-align:right\"><a href=\"https:\/\/www.lasexta.com\/tribus-ocultas\/musica\/que-puede-hacerse-iglesia-cuando-desacralizada_201906105cfe81ce0cf2414740a9d223.html\" target=\"_blank\" rel=\"noreferrer noopener\" aria-label=\"...Sigue leyendo en Lasexta.com Tribus Ocultas. (abre en una nueva pesta\u00f1a)\">&#8230;Sigue leyendo en Lasexta.com Tribus Ocultas.<\/a><\/p>\n\n\n\n<hr class=\"wp-block-separator\"\/>\n\n\n\n<p class=\"has-background has-very-light-gray-background-color\"><em>La foto que acompa\u00f1a este post es del Kaos Church de Okuda San Miguel en La Iglesia Skate, realizada por Elchino Po.<\/em><\/p>\n","protected":false},"excerpt":{"rendered":"<p>O profanar la iglesia o desacralizar el templo pero utilizar estos edificios para otra cosa que no sea el culto es imposible.<\/p>\n","protected":false},"author":1,"featured_media":2002002748,"comment_status":"closed","ping_status":"closed","sticky":false,"template":"","format":"standard","meta":{"footnotes":""},"categories":[],"tags":[],"class_list":["post-2002002747","post","type-post","status-publish","format-standard","has-post-thumbnail","hentry"],"_links":{"self":[{"href":"http:\/\/www.elenacabrera.com\/weblog3\/wp-json\/wp\/v2\/posts\/2002002747","targetHints":{"allow":["GET"]}}],"collection":[{"href":"http:\/\/www.elenacabrera.com\/weblog3\/wp-json\/wp\/v2\/posts"}],"about":[{"href":"http:\/\/www.elenacabrera.com\/weblog3\/wp-json\/wp\/v2\/types\/post"}],"author":[{"embeddable":true,"href":"http:\/\/www.elenacabrera.com\/weblog3\/wp-json\/wp\/v2\/users\/1"}],"replies":[{"embeddable":true,"href":"http:\/\/www.elenacabrera.com\/weblog3\/wp-json\/wp\/v2\/comments?post=2002002747"}],"version-history":[{"count":2,"href":"http:\/\/www.elenacabrera.com\/weblog3\/wp-json\/wp\/v2\/posts\/2002002747\/revisions"}],"predecessor-version":[{"id":2002002765,"href":"http:\/\/www.elenacabrera.com\/weblog3\/wp-json\/wp\/v2\/posts\/2002002747\/revisions\/2002002765"}],"wp:featuredmedia":[{"embeddable":true,"href":"http:\/\/www.elenacabrera.com\/weblog3\/wp-json\/wp\/v2\/media\/2002002748"}],"wp:attachment":[{"href":"http:\/\/www.elenacabrera.com\/weblog3\/wp-json\/wp\/v2\/media?parent=2002002747"}],"wp:term":[{"taxonomy":"category","embeddable":true,"href":"http:\/\/www.elenacabrera.com\/weblog3\/wp-json\/wp\/v2\/categories?post=2002002747"},{"taxonomy":"post_tag","embeddable":true,"href":"http:\/\/www.elenacabrera.com\/weblog3\/wp-json\/wp\/v2\/tags?post=2002002747"}],"curies":[{"name":"wp","href":"https:\/\/api.w.org\/{rel}","templated":true}]}}