{"id":2002002758,"date":"2019-06-24T15:33:23","date_gmt":"2019-06-24T13:33:23","guid":{"rendered":"http:\/\/www.elenacabrera.com\/weblog\/?p=2002002758"},"modified":"2019-06-25T09:55:34","modified_gmt":"2019-06-25T07:55:34","slug":"la-era-del-autoritarismo-lo-que-ha-venido-despues-de-la-cultura-de-la-transicion","status":"publish","type":"post","link":"http:\/\/www.elenacabrera.com\/weblog3\/2019\/06\/24\/la-era-del-autoritarismo-lo-que-ha-venido-despues-de-la-cultura-de-la-transicion\/","title":{"rendered":"La era del autoritarismo: lo que ha venido despu\u00e9s de la Cultura de la Transici\u00f3n"},"content":{"rendered":"\n<p>La <strong>Cultura de la Transici\u00f3n<\/strong> (la llamaremos CT por abreviar y por hacer el concepto m\u00e1s simp\u00e1tico) fue definida como un tap\u00f3n. Imaginen una ba\u00f1era que no desagua y en la que nos seguimos duchando d\u00eda a d\u00eda. Imaginen c\u00f3mo est\u00e1 ese agua. <strong>Imaginen que llega Desatranques Ja\u00e9n<\/strong>. Imaginen que Desatranques Ja\u00e9n no es una empresa sino una idea: la idea de disolver el tap\u00f3n que supone la CT pero desde dentro de la CT (buceando en sus aguas turbias) y haciendo un meme de ello. Imaginen, por tanto, que nada cambia, aunque todo sea m\u00e1s divertido. <strong>Imaginen, finalmente, que no nos acaba haciendo tanta gracia.<\/strong><\/p>\n\n\n\n<div class=\"wp-block-image\"><figure class=\"alignleft\"><img loading=\"lazy\" decoding=\"async\" width=\"229\" height=\"348\" src=\"http:\/\/www.elenacabrera.com\/weblog\/wp-content\/uploads\/9788499896946.jpg\" alt=\"\" class=\"wp-image-2002002761\" srcset=\"http:\/\/www.elenacabrera.com\/weblog3\/wp-content\/uploads\/9788499896946.jpg 229w, http:\/\/www.elenacabrera.com\/weblog3\/wp-content\/uploads\/9788499896946-197x300.jpg 197w\" sizes=\"auto, (max-width: 229px) 100vw, 229px\" \/><figcaption>EL LIBRO<\/figcaption><\/figure><\/div>\n\n\n\n<p><strong><a rel=\"noreferrer noopener\" aria-label=\"Guillem Mart\u00ednez (abre en una nueva pesta\u00f1a)\" href=\"https:\/\/ctxt.es\/user\/profile\/gmartinez\" target=\"_blank\">Guillem Mart\u00ednez<\/a><\/strong>, la persona que acu\u00f1\u00f3 el t\u00e9rmino CT y explic\u00f3 sus mecanismos en un libro colectivo del a\u00f1o 2012 titulado<a rel=\"noreferrer noopener\" aria-label=\" \u2018CT o la Cultura de la Transici\u00f3n. Cr\u00edtica a 35 a\u00f1os de cultura espa\u00f1ola\u2019 (abre en una nueva pesta\u00f1a)\" href=\"https:\/\/www.traficantes.net\/libros\/ct-o-la-cultura-de-la-transici%C3%B3n\" target=\"_blank\"> \u2018CT o la Cultura de la Transici\u00f3n. Cr\u00edtica a 35 a\u00f1os de cultura espa\u00f1ola\u2019<\/a>, ten\u00eda la esperanza de <strong>que la CT muriera de risa<\/strong>. No ha sido as\u00ed, aunque agonizando s\u00ed est\u00e1. \u201cLo sabemos porque el Estado ya no conf\u00eda en la cultura, es decir, el complejo armament\u00edstico de medios y autores para crear cohesi\u00f3n social conf\u00eda m\u00e1s en el c\u00f3digo penal\u201d, explica hoy este periodista.<\/p>\n\n\n\n<p>Ese <strong>tap\u00f3n cultural <\/strong>que fue la Cultura de la Transici\u00f3n es un paradigma que durante cuatro d\u00e9cadas ha sido hegem\u00f3nico en Espa\u00f1a y ha pringado de sus propios intereses pol\u00edticos cualquier cosa que podamos llamar cultura del 75 en adelante: novelas, art\u00edculos period\u00edsticos, gesti\u00f3n de los derechos de autor, pel\u00edculas, lo que sea. Lo interesante de evaluar estos a\u00f1os a la luz de la definici\u00f3n de CT (o de la certeza de que existe), es que mecanismos que antes nos parec\u00edan invisibles, ahora se revelan y sirven para explicar porqu\u00e9 hemos nadado en un caldo cultural sin conflicto, de consenso, de lecturas coincidentes cuyo objetivo siempre es no desestabilizar.<\/p>\n\n\n\n<p style=\"text-align:right\"><em><a href=\"https:\/\/www.lasexta.com\/tribus-ocultas\/libros\/que-venido-despues-cultura-transicion-llama-era-autoritarismo_201906235d0fb44a0cf247344411a0c2.html\" target=\"_blank\" rel=\"noreferrer noopener\" aria-label=\"Sigue leyendo en Tribus Ocultas de Lasexta.com. (abre en una nueva pesta\u00f1a)\">Sigue leyendo en Tribus Ocultas de Lasexta.com.<\/a><\/em><\/p>\n\n\n\n<hr class=\"wp-block-separator\"\/>\n\n\n\n<p class=\"has-background has-very-light-gray-background-color\"><em>Foto: Luis Garc\u00eda Montero, Gaspar Llamazares y Almudena Grandes nel alcuentru d&#8217;@iuasturias col mundu de la cultura. Foto: Xabeldiz.<\/em> CC BY<\/p>\n","protected":false},"excerpt":{"rendered":"<p>Guillem Mart\u00ednez, el periodista que acu\u00f1\u00f3 el t\u00e9rmino CT y Guillermo Zapata, el exconcejal del Ayuntamiento de Madrid que dimiti\u00f3 a causa del mecanismo autorregulatorio de la CT, confluyen en este art\u00edculo<\/p>\n","protected":false},"author":1,"featured_media":2002002759,"comment_status":"closed","ping_status":"closed","sticky":false,"template":"","format":"standard","meta":{"footnotes":""},"categories":[],"tags":[],"class_list":["post-2002002758","post","type-post","status-publish","format-standard","has-post-thumbnail","hentry"],"_links":{"self":[{"href":"http:\/\/www.elenacabrera.com\/weblog3\/wp-json\/wp\/v2\/posts\/2002002758","targetHints":{"allow":["GET"]}}],"collection":[{"href":"http:\/\/www.elenacabrera.com\/weblog3\/wp-json\/wp\/v2\/posts"}],"about":[{"href":"http:\/\/www.elenacabrera.com\/weblog3\/wp-json\/wp\/v2\/types\/post"}],"author":[{"embeddable":true,"href":"http:\/\/www.elenacabrera.com\/weblog3\/wp-json\/wp\/v2\/users\/1"}],"replies":[{"embeddable":true,"href":"http:\/\/www.elenacabrera.com\/weblog3\/wp-json\/wp\/v2\/comments?post=2002002758"}],"version-history":[{"count":2,"href":"http:\/\/www.elenacabrera.com\/weblog3\/wp-json\/wp\/v2\/posts\/2002002758\/revisions"}],"predecessor-version":[{"id":2002002763,"href":"http:\/\/www.elenacabrera.com\/weblog3\/wp-json\/wp\/v2\/posts\/2002002758\/revisions\/2002002763"}],"wp:featuredmedia":[{"embeddable":true,"href":"http:\/\/www.elenacabrera.com\/weblog3\/wp-json\/wp\/v2\/media\/2002002759"}],"wp:attachment":[{"href":"http:\/\/www.elenacabrera.com\/weblog3\/wp-json\/wp\/v2\/media?parent=2002002758"}],"wp:term":[{"taxonomy":"category","embeddable":true,"href":"http:\/\/www.elenacabrera.com\/weblog3\/wp-json\/wp\/v2\/categories?post=2002002758"},{"taxonomy":"post_tag","embeddable":true,"href":"http:\/\/www.elenacabrera.com\/weblog3\/wp-json\/wp\/v2\/tags?post=2002002758"}],"curies":[{"name":"wp","href":"https:\/\/api.w.org\/{rel}","templated":true}]}}