{"id":2002002766,"date":"2019-06-25T17:24:08","date_gmt":"2019-06-25T15:24:08","guid":{"rendered":"http:\/\/www.elenacabrera.com\/weblog\/?p=2002002766"},"modified":"2019-06-25T17:49:07","modified_gmt":"2019-06-25T15:49:07","slug":"la-revolucion-que-va-a-transformar-los-colegios-no-tiene-un-nombre-raro","status":"publish","type":"post","link":"http:\/\/www.elenacabrera.com\/weblog3\/2019\/06\/25\/la-revolucion-que-va-a-transformar-los-colegios-no-tiene-un-nombre-raro\/","title":{"rendered":"La revoluci\u00f3n que va a transformar los colegios no tiene un nombre raro"},"content":{"rendered":"\n<p>\u201cUn colegio no es una isla en medio de un pueblo\u201d. Esto tan bonito lo dice <strong>Mar\u00eda Jos\u00e9<\/strong>, maestra de escuela en <strong>Villanueva del R\u00edo y Minas<\/strong>, un  pueblo sevillano de la Vega Alta del Guadalquivir que no llega a los cinco mil habitantes.<\/p>\n\n\n\n<p>\u201cEn este colegio, el \u00fanico del municipio, est\u00e1n todos los ni\u00f1os del pueblo. Por lo tanto, nosotros <strong>tenemos que conseguir que nuestro pueblo vaya a mejor<\/strong>. \u00bfC\u00f3mo va nuestro pueblo a mejor? Mejorando tambi\u00e9n la educaci\u00f3n de los alumnos\u201d. <\/p>\n\n\n\n<p>Mar\u00eda Jos\u00e9 se lo contaba as\u00ed de claro a los investigadores que fueron a  entrevistarla para un informe de la Junta de Andaluc\u00eda. La Consejer\u00eda de  Educaci\u00f3n quer\u00eda evaluar en 2015 qu\u00e9 transformaciones se estaban  produciendo en una peque\u00f1a red de colegios que estaban implementando  <strong>algo que no podemos llamar nuevo, ni revolucionario ni tecnol\u00f3gico<\/strong> ni  digital ni inform\u00e1tico ni nada despampanante.<\/p>\n\n\n\n<p>Tambi\u00e9n le preguntaron a un alumno del colegio San Jos\u00e9 de Granada. Dec\u00eda: \u201ceres consciente de las cosas que antes crees que no eras capaz de hacer, y te das cuenta de que tienes m\u00e1s conocimiento de lo que crees\u201d. Y no, no es un programa para ni\u00f1os y ni\u00f1as con altas capacidades. Es algo mucho m\u00e1s  sencillo: se llama <strong>Comunidad de Aprendizaje<\/strong> y consiste en interaccionar  m\u00e1s y abrir la participaci\u00f3n en la educaci\u00f3n a las familias y el voluntariado. Se trata un modelo que ha llegado para transformar la  educaci\u00f3n en Espa\u00f1a pero <strong>poco a poco y desde abajo<\/strong>. <\/p>\n\n\n\n<p>\u201cNo conozco otra experiencia escolar capaz de engendrar<strong> tanta ilusi\u00f3n y cambio<\/strong> al servicio de la mejora de la educaci\u00f3n de todos los ni\u00f1os y ni\u00f1as\u201d, dice Alejandro Mart\u00ednez, profesor en el centro universitario La Salle y  coordinador de la <a rel=\"noreferrer noopener\" aria-label=\"Sub-Red Universitaria de Comunidades de Aprendizaje de Madrid (abre en una nueva pesta\u00f1a)\" href=\"http:\/\/sucam.org\/\" target=\"_blank\">Sub-Red Universitaria de Comunidades de Aprendizaje de Madrid<\/a>.<\/p>\n\n\n\n<p style=\"text-align:right\"><em><a href=\"http:\/\/bit.ly\/CdeApren\" target=\"_blank\" rel=\"noreferrer noopener\" aria-label=\"...Sigue leyendo en Lasexta.com (Tribus Ocultas). (abre en una nueva pesta\u00f1a)\">&#8230;Sigue leyendo en Lasexta.com (Tribus Ocultas).<\/a><\/em><\/p>\n\n\n\n<hr class=\"wp-block-separator\"\/>\n\n\n\n<p class=\"has-background has-very-light-gray-background-color\">Foto: Biblioteca del Congreso de Chile. CC BY-SA<\/p>\n","protected":false},"excerpt":{"rendered":"<p>\u00bfPuede una Comunidad de Aprendizaje sustituir el r\u00edgido m\u00e9todo de ense\u00f1anza en la escuela espa\u00f1ola? La respuesta es no solo que s\u00ed, sino que ya lo est\u00e1 haciendo. Es imparable.<\/p>\n","protected":false},"author":1,"featured_media":2002002767,"comment_status":"closed","ping_status":"closed","sticky":false,"template":"","format":"standard","meta":{"footnotes":""},"categories":[],"tags":[],"class_list":["post-2002002766","post","type-post","status-publish","format-standard","has-post-thumbnail","hentry"],"_links":{"self":[{"href":"http:\/\/www.elenacabrera.com\/weblog3\/wp-json\/wp\/v2\/posts\/2002002766","targetHints":{"allow":["GET"]}}],"collection":[{"href":"http:\/\/www.elenacabrera.com\/weblog3\/wp-json\/wp\/v2\/posts"}],"about":[{"href":"http:\/\/www.elenacabrera.com\/weblog3\/wp-json\/wp\/v2\/types\/post"}],"author":[{"embeddable":true,"href":"http:\/\/www.elenacabrera.com\/weblog3\/wp-json\/wp\/v2\/users\/1"}],"replies":[{"embeddable":true,"href":"http:\/\/www.elenacabrera.com\/weblog3\/wp-json\/wp\/v2\/comments?post=2002002766"}],"version-history":[{"count":2,"href":"http:\/\/www.elenacabrera.com\/weblog3\/wp-json\/wp\/v2\/posts\/2002002766\/revisions"}],"predecessor-version":[{"id":2002002769,"href":"http:\/\/www.elenacabrera.com\/weblog3\/wp-json\/wp\/v2\/posts\/2002002766\/revisions\/2002002769"}],"wp:featuredmedia":[{"embeddable":true,"href":"http:\/\/www.elenacabrera.com\/weblog3\/wp-json\/wp\/v2\/media\/2002002767"}],"wp:attachment":[{"href":"http:\/\/www.elenacabrera.com\/weblog3\/wp-json\/wp\/v2\/media?parent=2002002766"}],"wp:term":[{"taxonomy":"category","embeddable":true,"href":"http:\/\/www.elenacabrera.com\/weblog3\/wp-json\/wp\/v2\/categories?post=2002002766"},{"taxonomy":"post_tag","embeddable":true,"href":"http:\/\/www.elenacabrera.com\/weblog3\/wp-json\/wp\/v2\/tags?post=2002002766"}],"curies":[{"name":"wp","href":"https:\/\/api.w.org\/{rel}","templated":true}]}}