{"id":2002002784,"date":"2019-07-09T12:41:18","date_gmt":"2019-07-09T10:41:18","guid":{"rendered":"http:\/\/www.elenacabrera.com\/weblog\/?p=2002002784"},"modified":"2019-07-09T12:41:17","modified_gmt":"2019-07-09T10:41:17","slug":"vuelven-los-paseos-por-la-prospe","status":"publish","type":"post","link":"http:\/\/www.elenacabrera.com\/weblog3\/2019\/07\/09\/vuelven-los-paseos-por-la-prospe\/","title":{"rendered":"Vuelven los paseos por La Prospe"},"content":{"rendered":"\n<p>Este mes de <strong>julio<\/strong> voy a realizar <strong><a href=\"http:\/\/www.elenacabrera.com\/weblog\/tag\/paseos\/\">dos rutas comentadas<\/a><\/strong> por el barrio de Prosperidad. En esta ocasi\u00f3n no est\u00e1n programadas por el Ayuntamiento, as\u00ed que no est\u00e1n subvencionadas (\u00a1lo siento!). Pero el precio es poco: c<strong>inco euros por persona<\/strong> y los menores de 18 no pagan.<\/p>\n\n\n\n<p class=\"has-background has-luminous-vivid-amber-background-color\"><strong>LAS FECHAS:<\/strong><br>&#8211; el viernes <strong>19 de julio a las 19h<\/strong> para el paseo por la arquitectura social de Prosperidad y Ciudad Jard\u00edn. <a href=\"https:\/\/docs.google.com\/forms\/d\/e\/1FAIpQLSdymmpFp-dRpabIlb4g-pFwzuRJvrMjEHhQdl23KhVR3g-6Cg\/viewform\">Inscripci\u00f3n aqu\u00ed.<\/a><br>&#8211; el viernes <strong>26 de julio a las 19h<\/strong> para el paseo por la memoria musical de la Prospe.<a href=\"https:\/\/docs.google.com\/forms\/d\/e\/1FAIpQLSfpqd8kS-464jvLnERcJJwrVNsOuRcC2VbbHI226o-8fg6exA\/viewform\"> Inscripci\u00f3n aqu\u00ed.<\/a><\/p>\n\n\n\n<p>M\u00e1s informaci\u00f3n, <a href=\"http:\/\/www.elenacabrera.com\/weblog\/paseos-por-la-prospe\">en esta p\u00e1gina<\/a>.<\/p>\n","protected":false},"excerpt":{"rendered":"<p>Inscripciones abiertas para el 19 y el 26 de julio.<\/p>\n","protected":false},"author":1,"featured_media":2002002782,"comment_status":"closed","ping_status":"closed","sticky":false,"template":"","format":"standard","meta":{"footnotes":""},"categories":[],"tags":[],"class_list":["post-2002002784","post","type-post","status-publish","format-standard","has-post-thumbnail","hentry"],"_links":{"self":[{"href":"http:\/\/www.elenacabrera.com\/weblog3\/wp-json\/wp\/v2\/posts\/2002002784","targetHints":{"allow":["GET"]}}],"collection":[{"href":"http:\/\/www.elenacabrera.com\/weblog3\/wp-json\/wp\/v2\/posts"}],"about":[{"href":"http:\/\/www.elenacabrera.com\/weblog3\/wp-json\/wp\/v2\/types\/post"}],"author":[{"embeddable":true,"href":"http:\/\/www.elenacabrera.com\/weblog3\/wp-json\/wp\/v2\/users\/1"}],"replies":[{"embeddable":true,"href":"http:\/\/www.elenacabrera.com\/weblog3\/wp-json\/wp\/v2\/comments?post=2002002784"}],"version-history":[{"count":2,"href":"http:\/\/www.elenacabrera.com\/weblog3\/wp-json\/wp\/v2\/posts\/2002002784\/revisions"}],"predecessor-version":[{"id":2002002786,"href":"http:\/\/www.elenacabrera.com\/weblog3\/wp-json\/wp\/v2\/posts\/2002002784\/revisions\/2002002786"}],"wp:featuredmedia":[{"embeddable":true,"href":"http:\/\/www.elenacabrera.com\/weblog3\/wp-json\/wp\/v2\/media\/2002002782"}],"wp:attachment":[{"href":"http:\/\/www.elenacabrera.com\/weblog3\/wp-json\/wp\/v2\/media?parent=2002002784"}],"wp:term":[{"taxonomy":"category","embeddable":true,"href":"http:\/\/www.elenacabrera.com\/weblog3\/wp-json\/wp\/v2\/categories?post=2002002784"},{"taxonomy":"post_tag","embeddable":true,"href":"http:\/\/www.elenacabrera.com\/weblog3\/wp-json\/wp\/v2\/tags?post=2002002784"}],"curies":[{"name":"wp","href":"https:\/\/api.w.org\/{rel}","templated":true}]}}