{"id":2002002790,"date":"2019-07-10T13:54:54","date_gmt":"2019-07-10T11:54:54","guid":{"rendered":"http:\/\/www.elenacabrera.com\/weblog\/?p=2002002790"},"modified":"2019-07-10T17:16:40","modified_gmt":"2019-07-10T15:16:40","slug":"mi-volcado-de-memoria-sobre-aviador-dro","status":"publish","type":"post","link":"http:\/\/www.elenacabrera.com\/weblog3\/2019\/07\/10\/mi-volcado-de-memoria-sobre-aviador-dro\/","title":{"rendered":"Mi volcado de memoria sobre Aviador Dro"},"content":{"rendered":"\n<p>Mi memoria es de muy mala calidad. Registra mal. Tiene los <em>clusters<\/em> muy rotos. Algunos de estos recuerdos est\u00e1n corruptos. Los que no est\u00e1n aqu\u00ed, pero deber\u00edan, es porque han sido completamente eliminados; involuntariamente. Quiz\u00e1s he sido reprogramada.<\/p>\n\n\n\n<p>Tengo m\u00e1s recuerdos sobre Aviador Dro, obviamente. Est\u00e1n los conciertos. Las sensaciones al escuchar las canciones. Algunas otras tonter\u00edas. <\/p>\n\n\n\n<h2 class=\"wp-block-heading\">El ejecutivo de DRO<\/h2>\n\n\n\n<p>Empec\u00e9 a dejarme caer, con cierta frecuencia, por las oficinas de DRO de la calle Francisco Remiro. (Qui\u00e9n me ir\u00eda a decir que, muchos a\u00f1os despu\u00e9s, vivir\u00eda, dos veces, tan cerca). Ser\u00eda alrededor del a\u00f1o 1993. Yo ten\u00eda alrededor de 18 a\u00f1os y un programa de radio en <a href=\"http:\/\/www.elenacabrera.com\/weblog\/tag\/radio-carcoma\/\">Radio Carcoma<\/a>. Era habitual que hici\u00e9ramos rondas por las discogr\u00e1ficas para que nos dieran promos para los programas. En DRO sol\u00edan ser muy generosos con las radios libres como la nuestra y nos enviaban promos por correo. A veces, demasiados. A menudo, los grupos eran demasiado comerciales, muy lejos del tipo de m\u00fasica que pon\u00edamos all\u00ed.<\/p>\n\n\n\n<p>Al principio, yo pensaba que DRO segu\u00eda siendo propiedad de Aviador Dro y cada vez que iba buscaba alg\u00fan obrero especializado, al que espera reconocer por su mono de trabajo. Ahora s\u00e9 que Servando Carballar (Biovac N) sali\u00f3 de DRO bastante antes, en 1988. Supongo que deb\u00ed preguntar por el grupo y alguien me dijo que hab\u00eda alguien con quien pod\u00eda hablar. <\/p>\n\n\n\n<p>Vino a mi encuentro un se\u00f1or (me pareci\u00f3 un se\u00f1or, recalc\u00f3 que yo no hab\u00eda cumplido los 20) vestido con un traje de verano de un color entre amarillo claro y veige. La camisa, me parece, era azul claro. No llevaba corbata. Me salud\u00f3 y me invit\u00f3 a pasar a una sala acristalada, donde conversamos a solas. Me dijo \u00abyo he estado en Aviador Dro\u00bb y \u00abpuedes preguntarme lo que quieras\u00bb. No recuerdo qu\u00e9 le pregunt\u00e9, salvo una cosa: \u00ab\u00bftambi\u00e9n estuviste en Los Iniciados?\u00bb. Y recuerdo que lo pregunt\u00e9 no porque lo quisiera saber, sino porque quise hacerme la lista, dar a entender que yo <em>sab\u00eda cosas<\/em>. \u00abEntender\u00e1s que eso no se puede contar\u00bb, me dijo.<\/p>\n\n\n\n<p>Las \u00fanicas palabras concretas que recuerdo fueron esas. Lo dem\u00e1s es vago. Recuerdo que me habl\u00f3 de lo importante que era dirigir una empresa como DRO, que hab\u00eda crecido tanto y mov\u00eda tanto dinero. Recuerdo que en l\u00edneas generales lo que me quer\u00eda contar es que cuando eres joven puedes hacer locuras pero que luego hay que crecer y tomar responsabilidades. Recuerdo ligeramente que me trat\u00f3 con condescendencia, que vio en m\u00ed una chiquilla fan, impresionable. Recuerdo su lenguaje corporal: apoyaba una palma de la mano contra otra mientras hablaba, estaba relajado, se recostaba sobre el respaldo. Yo, en cambio, me sentaba en el borde de la silla y preguntaba nerviosa.<\/p>\n\n\n\n<p>No lo puedo recordar, pero estoy bastante segura de que \u00e9l era <strong>Miguel \u00c1ngel G\u00f3mez<\/strong>, obrero especializado conocido como <strong>Ciberjet<\/strong>, codirector de DRO hasta 1988 y despu\u00e9s director de la divisi\u00f3n de Warner DRO-East West hasta 1995. Despu\u00e9s, vicepresidente y presidente de EMI Iberia hasta 2002 y fundador y consejero delegado de Globomedia M\u00fasica de 2002 a 2005.<\/p>\n\n\n\n<h2 class=\"wp-block-heading\">Simposium Tecno<\/h2>\n\n\n\n<p>Estamos en Maravillas. No s\u00e9 qu\u00e9 a\u00f1o, pero probablemente 1997. <strong>Aldo<\/strong>, <strong>Jorge<\/strong> y yo hemos formado un grupo llamado <a rel=\"noreferrer noopener\" aria-label=\"Sukiyaki (abre en una nueva pesta\u00f1a)\" href=\"https:\/\/www.last.fm\/es\/music\/Sukiyaki\/+wiki\" target=\"_blank\"><strong>Sukiyaki<\/strong><\/a>. (M\u00e1s tarde, entrar\u00eda <strong>Mario<\/strong>). Hablamos con <strong>Fernando<\/strong>, del sello <strong>Spicnic<\/strong> y el grupo <strong>Alpino<\/strong>. Fernando nos habla del <strong>Simposium Tecno<\/strong> que tuvo lugar en 1981 en la sala Marquee. Fernando nos cuenta que toc\u00f3 <strong>Oviforma SCI<\/strong> y <strong>Los Iniciados<\/strong>, que acab\u00f3 fatal porque entr\u00f3 la polic\u00eda a hacer una redada (creo que nos cuenta que \u00e9l estuvo all\u00ed; puede ser, porque Fernando estuvo en TODO) y nos propone que montemos el <strong>Segundo Simposium Tecno<\/strong> y que toquen los grupos de tecnopop de ahora (de entonces), como nosotros y ellos. Nos parece una idea fabulosa pero, no s\u00e9 porqu\u00e9, no nos ponemos a ello. Est\u00e1 el escollo de que nos da palo apropiarnos del nombre sin preguntar.  El d\u00eda que conozco a <strong>Lucho Pr\u00f3sper<\/strong> (Oviformia, Heroica, Breton Armada) le contamos la idea y, de alguna manera, nos da su bendici\u00f3n. No s\u00e9 si alguien le lleg\u00f3 a preguntar a Biovac N. A\u00fan as\u00ed, no recuerdo porqu\u00e9 no lo hicimos.<\/p>\n\n\n\n<p>Quince a\u00f1os despu\u00e9s, Aviador <a rel=\"noreferrer noopener\" aria-label=\"monta el Segundo Simposium Tecno (abre en una nueva pesta\u00f1a)\" href=\"https:\/\/elpais.com\/cultura\/2013\/03\/24\/actualidad\/1364142188_243491.html\" target=\"_blank\">monta el Segundo Simposium Tecno<\/a>. Es el 22 de marzo de 2013 y tocan Oviforma SCI, Breton Armada, Nikky Schiller y El Aviador Dro y Sus Obreros Especializados en la sala El Sol. Por la tarde, veo las charlas por <em>streaming<\/em> desde casa. Al d\u00eda siguiente, <a rel=\"noreferrer noopener\" aria-label=\"Ra\u00fal Querido y yo montamos una &quot;noche tecno-pop&quot; en El Juglar (abre en una nueva pesta\u00f1a)\" href=\"http:\/\/www.elenacabrera.com\/weblog\/dios-salve-el-tecnopop\/\" target=\"_blank\">Ra\u00fal Querido y yo montamos una \u00abnoche tecno-pop\u00bb en El Juglar<\/a> con dos grupos de mi sello <strong><a href=\"http:\/\/www.elenacabrera.com\/weblog\/tag\/autoreverse\/\">Autoreverse<\/a><\/strong>: <strong>Comando Suzie<\/strong> y <strong>El Giro Org\u00e1nico<\/strong>.<\/p>\n\n\n\n<h2 class=\"wp-block-heading\">Krypton<\/h2>\n\n\n\n<p>En alg\u00fan momento de la segunda mitad de los 90 conozco a <strong>Ismael Contreras<\/strong> (ser\u00e1 <strong>ATAT<\/strong> en Aviador Dro a partir de 1999) y a su novia, <strong>Bel\u00e9n Reyes<\/strong>, que tienen, junto a Biovac N, un grupo que me encanta llamado <strong>Krypton<\/strong>. No lo recuerdo, pero creo que escribo algo sobre ellos y voy a un concierto. S\u00ed me acuerdo de un encuentro fortuito con Ismael y Bel\u00e9n en la plaza de los Luna. S\u00ed recuerdo qu\u00e9 tristeza saber que Bel\u00e9n ha muerto en un accidente de tr\u00e1fico. Recuerdo encontrarme con Ismael y no saber qu\u00e9 decirle, c\u00f3mo confortarle.<\/p>\n\n\n\n<h2 class=\"wp-block-heading\">El concierto<\/h2>\n\n\n\n<p>En diciembre de 1999 dimos nuestro \u00faltimo concierto como Sukiyaki. Sucedi\u00f3 en Barcelona. Unos meses antes, en febrero, <strong>Xavi<\/strong> del fanzine <strong>Miracles For Sale<\/strong> nos hab\u00eda<a rel=\"noreferrer noopener\" aria-label=\" invitado el Mini-festival pop (abre en una nueva pesta\u00f1a)\" href=\"https:\/\/www.flickr.com\/photos\/elenacabreramontero\/30956209177\/in\/album-72157702130203351\/\" target=\"_blank\"> invitado el Mini-Festival Pop<\/a> que hace anualmente y dimos una actuaci\u00f3n estupenda el 27 de febrero en la Sala M\u00e0gic. El t\u00e9cnico parec\u00eda querer boicotearnos, as\u00ed que Aldo empez\u00f3 a improvisar nuevas estrofas sobre nuestro peque\u00f1o hit <em>Mi chica odia el technopop<\/em>, a capella, meti\u00e9ndonos con el t\u00e9cnico de sonido. La gente nos arrop\u00f3. Lo pasamos en grande. Despu\u00e9s de este \u00e9xito, Xavi nos volvi\u00f3 a contratar para volver a Barcelona en diciembre a <a rel=\"noreferrer noopener\" aria-label=\"telonear a Aviador Dro en el Apolo (abre en una nueva pesta\u00f1a)\" href=\"https:\/\/www.flickr.com\/photos\/elenacabreramontero\/44982229385\/in\/album-72157702130203351\/\" target=\"_blank\">telonear a Aviador Dro en el Apolo<\/a>.<\/p>\n\n\n\n<p>Por aquel entonces yo ya viv\u00eda en Barcelona as\u00ed que el grupo estaba separado (de muchas maneras posibles) entre Madrid y Barcelona. No ensayamos lo suficiente y el concierto fue un desastre. Desastre nivel no grabar en el minidisc la base de una de las canciones que \u00edbamos a tocar. Desastre nivel escucharme a m\u00ed misma desafinar desde el mism\u00edsimo escenario de la sala Apolo. Desastre nivel entrar tarde a las canciones.<\/p>\n\n\n\n<figure class=\"wp-block-embed-flickr wp-block-embed is-type-photo is-provider-flickr\"><div class=\"wp-block-embed__wrapper\">\n<a href=\"https:\/\/www.flickr.com\/photos\/elenacabreramontero\/44982229385\/in\/album-72157702130203351\/\"><img loading=\"lazy\" decoding=\"async\" src=\"https:\/\/live.staticflickr.com\/4824\/44982229385_4edf5f9e87.jpg\" alt=\"Flyer concierto Sukiyaki y Aviador Dro\" width=\"500\" height=\"500\" \/><\/a>\n<\/div><figcaption>Flyer del concierto en el Apolo. Dibujos de Gonzalo Cutrina. La letra es m\u00eda.<\/figcaption><\/figure>\n\n\n\n<p>Pero eso sucedi\u00f3 en el escenario. Antes, en el camerino, ocurri\u00f3 lo mejor de la noche: lo compartimos con Aviador Dro. Cuando llegamos a dejar nuestras cosas, hab\u00eda <strong>trajes de goma verde y negra (creo recordar)<\/strong> y unos cascos, colgados de unas perchas en el camerino. Aldo y yo los miramos con tanta admiraci\u00f3n y reverencia como a\u00f1os despu\u00e9s lo har\u00edamos con <strong>los robots de Kraftwerk<\/strong>, col\u00e1ndonos encima del escenario de Benic\u00e0ssim despu\u00e9s de la prueba de sonido.<\/p>\n\n\n\n<p>Mientras toc\u00e1bamos los trajes con fetichismo y disimulo entr\u00f3 <strong>Marta Cervera<\/strong>, alias <strong>ArcoIr\u00eds<\/strong> (qui\u00e9n s\u00ed hab\u00eda formado parte de <strong>Los Iniciados<\/strong>, pero eso yo tampoco lo sab\u00eda), con una jarra y un paquete de <strong>Tang de naranja<\/strong>. Lo disolvi\u00f3 y empez\u00f3 a rellenar unos botecitos de pl\u00e1stico, a los que les pegaba unas etiquetas verde. Pens\u00e9 \u00a1c\u00f3mo puedo tener tanta suerte de estar aqu\u00ed en este momento viendo esto! Me sent\u00ed muy feliz y muy afortunada. Qu\u00e9 pena que esos sentimientos me duraran apenas una hora m\u00e1s.<\/p>\n\n\n\n<p>Lo \u00faltimo que dije al micr\u00f3fono, a punto de echarme a llorar, fue \u00abgracias por esta noche maravillosa que empieza ahora\u00bb. Bajamos del escenario derrotados y con la sensaci\u00f3n de haber hecho el rid\u00edculo. Por el pasillo que conduce al camerino, nos cruzamos con El Aviador Dro y Sus Obreros Especializados que, exultantes, se dirig\u00edan hacia el escenario, con los trajes ya puestos. Nos sonrieron. Nos dijeron qu\u00e9 tal. En ese momento, solo me calm\u00f3 un poco la intuici\u00f3n de que ellos NO NOS HAB\u00cdAN VISTO. Llegu\u00e9 al camerino llorando. Alguien me ofreci\u00f3 MDMA y me lo tom\u00e9, rogando para que hiciera efecto r\u00e1pidamente.<\/p>\n\n\n\n<h2 class=\"wp-block-heading\">La reuni\u00f3n<\/h2>\n\n\n\n<p>Diez a\u00f1os despu\u00e9s de aquel concierto, mi vida va mejor, o eso creo. No tengo grupo de m\u00fasica y lo hecho mucho de menos. Mi madre acaba de morir. Alberto y yo nos hemos comprado un piso. He perdido mi trabajo.<\/p>\n\n\n\n<p>Pero el 18 de diciembre, <a rel=\"noreferrer noopener\" aria-label=\"Aviador Dro celebra 30 a\u00f1os en la sala Joy Eslava (abre en una nueva pesta\u00f1a)\" href=\"https:\/\/www.flickr.com\/photos\/victorodriguez\/albums\/72157622918017119\/\" target=\"_blank\">Aviador Dro celebra 30 a\u00f1os en la sala Joy Eslava<\/a> y lo pasamos en grande. Alberto graba un video maravilloso que tiene m\u00e1s de 7.500 visualizaciones en YouTube de <strong>Arturo Lanz <\/strong>cantando <em>Electroshock<\/em> con el Aviador. De fondo se oyen nuestros gritos.<\/p>\n\n\n\n<figure class=\"wp-block-embed-youtube wp-block-embed is-type-video is-provider-youtube wp-embed-aspect-4-3 wp-has-aspect-ratio\"><div class=\"wp-block-embed__wrapper\">\n<iframe loading=\"lazy\" title=\"aviador dro + esplendor geom\u00e9trico- electroshock- concierto 30 aniversario\" width=\"500\" height=\"375\" src=\"https:\/\/www.youtube.com\/embed\/fnnGGU1P0pE?feature=oembed\" frameborder=\"0\" allow=\"accelerometer; autoplay; clipboard-write; encrypted-media; gyroscope; picture-in-picture; web-share\" referrerpolicy=\"strict-origin-when-cross-origin\" allowfullscreen><\/iframe>\n<\/div><\/figure>\n\n\n\n<h2 class=\"wp-block-heading\">Revoluci\u00f3n tecno<\/h2>\n\n\n\n<p>Han pasado otros diez a\u00f1os. Sigo pagando la hipoteca. Alberto y yo tenemos una hija. He vuelto a perder otro trabajo. Recibo una llamada de <strong>Patricia Godes<\/strong> cuando estoy a punto de coger un tren a Sevilla. Me ofrece escribir un cap\u00edtulo para un libro colectivo que celebre los 40 a\u00f1os del Aviador Dro. Me hace muy feliz la propuesta y disfruto much\u00edsimo escribiendo.<\/p>\n\n\n\n<p>Mientras el libro se va gestando, sucede el Carnaval de Madrid del a\u00f1o 2019 en mi barrio, en nuestro barrio, Prosperidad. Trabajo en \u00e9l: hago un programa de radio. Del Ayuntamiento me piden que sugiera nombres para los pregoneros. En seguida se me pasa por la cabeza pero pienso \u00abes muy loco\u00bb, as\u00ed que preparo una lista de alternativas por si no ven que Aviador Dro son los mejores pregoneros que un Carnaval en Prosperidad puede desear. Pero este Ayuntamiento ha hecho cosas geniales, locas tambi\u00e9n, y s\u00ed que lo ven. Aviador Dro da el preg\u00f3n del Carnaval el 1 de marzo, que no es solo preg\u00f3n, es preg\u00f3n-manifiesto-y-concierto. En La Prospe. Donde todo empez\u00f3.<\/p>\n\n\n\n<p>Poco despu\u00e9s, el 23 de marzo, har\u00e1n el concierto de 40 aniversario. Alberto y yo no nos creemos que hayan pasado 10 a\u00f1os desde el de Joy Eslava, que nos parece que fue el otro d\u00eda. Tenemos que buscar la fecha varias veces.<\/p>\n\n\n\n<p>El libro (<em><a href=\"https:\/\/lafelguera.net\/catalogo\/aviador-dro-anarquia-cientifica-la-fascinante-revolucion-tecno-del-aviador-dro\/\" target=\"_blank\" rel=\"noreferrer noopener\" aria-label=\" (abre en una nueva pesta\u00f1a)\">Anarqu\u00eda cient\u00edfica. La fascinante revoluci\u00f3n tecno del Aviador Dro<\/a><\/em>) sali\u00f3 a la venta el 17 de junio, editado por <a rel=\"noreferrer noopener\" aria-label=\"La Felguera (abre en una nueva pesta\u00f1a)\" href=\"https:\/\/lafelguera.net\/\" target=\"_blank\">La Felguera<\/a>, y hoy <strong>se presenta en una agencia de viajes especiales<\/strong>.<\/p>\n\n\n\n<figure class=\"wp-block-image\"><img loading=\"lazy\" decoding=\"async\" width=\"820\" height=\"1024\" src=\"http:\/\/www.elenacabrera.com\/weblog\/wp-content\/uploads\/aviador-dro-agencia-espacial-820x1024.jpg\" alt=\"\" class=\"wp-image-2002002792\" srcset=\"http:\/\/www.elenacabrera.com\/weblog3\/wp-content\/uploads\/aviador-dro-agencia-espacial-820x1024.jpg 820w, http:\/\/www.elenacabrera.com\/weblog3\/wp-content\/uploads\/aviador-dro-agencia-espacial-240x300.jpg 240w, http:\/\/www.elenacabrera.com\/weblog3\/wp-content\/uploads\/aviador-dro-agencia-espacial-768x959.jpg 768w, http:\/\/www.elenacabrera.com\/weblog3\/wp-content\/uploads\/aviador-dro-agencia-espacial.jpg 1280w\" sizes=\"auto, (max-width: 820px) 100vw, 820px\" \/><\/figure>\n\n\n\n<p>En el a\u00f1o 2029 se celebrar\u00e1 el concierto de los 50 a\u00f1os de Aviador Dro. Si yo no puedo ir, mandar\u00e9 a mi holograma.<\/p>\n\n\n\n<hr class=\"wp-block-separator\"\/>\n\n\n\n<p class=\"has-background has-very-light-gray-background-color\">La foto es de <a href=\"https:\/\/www.flickr.com\/photos\/ondasderuido\/\">@ondasderuido<\/a> (CC BY-SA) y est\u00e1 tomada en el concierto de presentaci\u00f3n de La Voz de la Ciencia en el Jard\u00edn Bot\u00e1nico de Madrid, concierto en el que estuve, con mi hija de poco m\u00e1s de un a\u00f1o. Toc\u00f3, tambi\u00e9n, Breton Armada. A la izquierda, Mario Gil (Genocider F15), Biovac N en el micro, al fondo ATAT, agitando la bandera, Alejandro Sacrist\u00e1n (CTA 102) y, a la derecha, ArcoIris,<\/p>\n","protected":false},"excerpt":{"rendered":"<p>Mi cebero tiene los clusters muy rotos. Algunos de estos recuerdos est\u00e1n corruptos. Quiz\u00e1s he sido reprogramada.<\/p>\n","protected":false},"author":1,"featured_media":2002002798,"comment_status":"closed","ping_status":"closed","sticky":false,"template":"","format":"standard","meta":{"footnotes":""},"categories":[],"tags":[],"class_list":["post-2002002790","post","type-post","status-publish","format-standard","has-post-thumbnail","hentry"],"_links":{"self":[{"href":"http:\/\/www.elenacabrera.com\/weblog3\/wp-json\/wp\/v2\/posts\/2002002790","targetHints":{"allow":["GET"]}}],"collection":[{"href":"http:\/\/www.elenacabrera.com\/weblog3\/wp-json\/wp\/v2\/posts"}],"about":[{"href":"http:\/\/www.elenacabrera.com\/weblog3\/wp-json\/wp\/v2\/types\/post"}],"author":[{"embeddable":true,"href":"http:\/\/www.elenacabrera.com\/weblog3\/wp-json\/wp\/v2\/users\/1"}],"replies":[{"embeddable":true,"href":"http:\/\/www.elenacabrera.com\/weblog3\/wp-json\/wp\/v2\/comments?post=2002002790"}],"version-history":[{"count":14,"href":"http:\/\/www.elenacabrera.com\/weblog3\/wp-json\/wp\/v2\/posts\/2002002790\/revisions"}],"predecessor-version":[{"id":2002002812,"href":"http:\/\/www.elenacabrera.com\/weblog3\/wp-json\/wp\/v2\/posts\/2002002790\/revisions\/2002002812"}],"wp:featuredmedia":[{"embeddable":true,"href":"http:\/\/www.elenacabrera.com\/weblog3\/wp-json\/wp\/v2\/media\/2002002798"}],"wp:attachment":[{"href":"http:\/\/www.elenacabrera.com\/weblog3\/wp-json\/wp\/v2\/media?parent=2002002790"}],"wp:term":[{"taxonomy":"category","embeddable":true,"href":"http:\/\/www.elenacabrera.com\/weblog3\/wp-json\/wp\/v2\/categories?post=2002002790"},{"taxonomy":"post_tag","embeddable":true,"href":"http:\/\/www.elenacabrera.com\/weblog3\/wp-json\/wp\/v2\/tags?post=2002002790"}],"curies":[{"name":"wp","href":"https:\/\/api.w.org\/{rel}","templated":true}]}}