{"id":2002002830,"date":"2019-07-22T14:53:12","date_gmt":"2019-07-22T12:53:12","guid":{"rendered":"http:\/\/www.elenacabrera.com\/weblog\/?p=2002002830"},"modified":"2019-07-22T14:53:39","modified_gmt":"2019-07-22T12:53:39","slug":"nosotras-somos-peligrosas-sociales","status":"publish","type":"post","link":"http:\/\/www.elenacabrera.com\/weblog3\/2019\/07\/22\/nosotras-somos-peligrosas-sociales\/","title":{"rendered":"Nosotras somos peligrosas sociales"},"content":{"rendered":"\n<p>Me encanta el programa (o radiochou, que dir\u00edan ellas) que hacen <strong>Araceli y Mary Joe<\/strong> en OMC Radio. Se llama <strong>Peligrosas Sociales<\/strong> y llevan 125 en esta emisora (m\u00e1s desde una etapa anterior).<\/p>\n\n\n\n<p>Una noche despu\u00e9s de un concierto (hace un a\u00f1o, me parece) le dije a MJ que me encantar\u00eda que me invitaran. (S\u00ed, as\u00ed, en plan fans). Como soy un poco desastre para la planificaci\u00f3n, y los domingos (que cuando graban) son d\u00edas complicados, no lo hemos conseguido cuadrar hasta ahora.<\/p>\n\n\n\n<p>Los invitados suelen escoger 8 canciones y una pel\u00edcula. Cuando Alberto (Monreal) estuvo en el programa, escogi\u00f3 <em>El s\u00e9ptimo sello<\/em>, <a rel=\"noreferrer noopener\" aria-label=\"pod\u00e9is escucharlo aqu\u00ed (abre en una nueva pesta\u00f1a)\" href=\"https:\/\/peligrosassociales.blogspot.com\/2019\/05\/programa-120-de-peligrosas-sociales-en.html\" target=\"_blank\">pod\u00e9is escucharlo aqu\u00ed<\/a>.<\/p>\n\n\n\n<figure class=\"wp-block-image\"><img loading=\"lazy\" decoding=\"async\" width=\"766\" height=\"958\" src=\"http:\/\/www.elenacabrera.com\/weblog\/wp-content\/uploads\/En-Peligrosas-Sociales.jpeg\" alt=\"\" class=\"wp-image-2002002832\" srcset=\"http:\/\/www.elenacabrera.com\/weblog3\/wp-content\/uploads\/En-Peligrosas-Sociales.jpeg 766w, http:\/\/www.elenacabrera.com\/weblog3\/wp-content\/uploads\/En-Peligrosas-Sociales-240x300.jpeg 240w\" sizes=\"auto, (max-width: 766px) 100vw, 766px\" \/><figcaption>En la peligrosa compa\u00f1\u00eda de Araceli y Mary Joe.<\/figcaption><\/figure>\n\n\n\n<p>A m\u00ed me apetec\u00eda hacer algo tem\u00e1tico, pero no musicalmente tem\u00e1tico, sino con alg\u00fan hilo conductor. Pens\u00e9 que encajar\u00eda bien en su programa una <strong>selecci\u00f3n de canciones sobre lascivia y depravaci\u00f3n<\/strong> y una peli de terror un poco serie B, como les gusta a ellas, pero con el componente er\u00f3tico.<\/p>\n\n\n\n<p>Eleg\u00ed al director <strong>Walerian Borowczyk<\/strong>, del que supe cuando le dedicaron <a rel=\"noreferrer noopener\" aria-label=\"este homenaje en el el Festival de Cinema Fant\u00e1stico da Coru\u00f1a (abre en una nueva pesta\u00f1a)\" href=\"https:\/\/fkmcine.org\/es\/sexo-provocacion-e-censura-homenaxe-a-walerian-borowczyk\/\" target=\"_blank\">este homenaje en el Festival de Cinema Fant\u00e1stico da Coru\u00f1a<\/a> en octubre de 2018. Escog\u00ed su pel\u00edcula <em>El extra\u00f1o caso del doctor Jekyll y la se\u00f1ora Osbourne<\/em>. Si quer\u00e9is saber porqu\u00e9, <a rel=\"noreferrer noopener\" aria-label=\"escuchad el programa (abre en una nueva pesta\u00f1a)\" href=\"https:\/\/peligrosassociales.blogspot.com\/2019\/07\/programa-125-de-peligrosas-sociales-en.html\" target=\"_blank\">escuchad el programa<\/a>.<\/p>\n\n\n\n<figure><iframe allowfullscreen=\"\" src=\"https:\/\/www.ivoox.com\/player_ej_38785380_4_1.html?c1=ff6600\" height=\"200\"><\/iframe><\/figure>\n","protected":false},"excerpt":{"rendered":"<p>Me encanta el programa (o radiochou, que dir\u00edan ellas) que hacen Araceli y Mary Joe en OMC Radio. Se llama Peligrosas Sociales y llevan 125 en esta emisora (m\u00e1s desde una etapa anterior). Una noche despu\u00e9s de un concierto (hace un a\u00f1o, me parece) le dije a MJ que me encantar\u00eda que me invitaran. (S\u00ed, [&hellip;]<\/p>\n","protected":false},"author":1,"featured_media":2002002831,"comment_status":"closed","ping_status":"closed","sticky":false,"template":"","format":"standard","meta":{"footnotes":""},"categories":[3],"tags":[],"class_list":["post-2002002830","post","type-post","status-publish","format-standard","has-post-thumbnail","hentry","category-twentytwentyfive"],"_links":{"self":[{"href":"http:\/\/www.elenacabrera.com\/weblog3\/wp-json\/wp\/v2\/posts\/2002002830","targetHints":{"allow":["GET"]}}],"collection":[{"href":"http:\/\/www.elenacabrera.com\/weblog3\/wp-json\/wp\/v2\/posts"}],"about":[{"href":"http:\/\/www.elenacabrera.com\/weblog3\/wp-json\/wp\/v2\/types\/post"}],"author":[{"embeddable":true,"href":"http:\/\/www.elenacabrera.com\/weblog3\/wp-json\/wp\/v2\/users\/1"}],"replies":[{"embeddable":true,"href":"http:\/\/www.elenacabrera.com\/weblog3\/wp-json\/wp\/v2\/comments?post=2002002830"}],"version-history":[{"count":2,"href":"http:\/\/www.elenacabrera.com\/weblog3\/wp-json\/wp\/v2\/posts\/2002002830\/revisions"}],"predecessor-version":[{"id":2002002834,"href":"http:\/\/www.elenacabrera.com\/weblog3\/wp-json\/wp\/v2\/posts\/2002002830\/revisions\/2002002834"}],"wp:featuredmedia":[{"embeddable":true,"href":"http:\/\/www.elenacabrera.com\/weblog3\/wp-json\/wp\/v2\/media\/2002002831"}],"wp:attachment":[{"href":"http:\/\/www.elenacabrera.com\/weblog3\/wp-json\/wp\/v2\/media?parent=2002002830"}],"wp:term":[{"taxonomy":"category","embeddable":true,"href":"http:\/\/www.elenacabrera.com\/weblog3\/wp-json\/wp\/v2\/categories?post=2002002830"},{"taxonomy":"post_tag","embeddable":true,"href":"http:\/\/www.elenacabrera.com\/weblog3\/wp-json\/wp\/v2\/tags?post=2002002830"}],"curies":[{"name":"wp","href":"https:\/\/api.w.org\/{rel}","templated":true}]}}