{"id":2002002835,"date":"2019-07-23T08:16:37","date_gmt":"2019-07-23T06:16:37","guid":{"rendered":"http:\/\/www.elenacabrera.com\/weblog\/?p=2002002835"},"modified":"2019-07-23T08:20:29","modified_gmt":"2019-07-23T06:20:29","slug":"son-los-mods-eternos-y-elegantes-viejovenes","status":"publish","type":"post","link":"http:\/\/www.elenacabrera.com\/weblog3\/2019\/07\/23\/son-los-mods-eternos-y-elegantes-viejovenes\/","title":{"rendered":"Son los mods: eternos y elegantes viej\u00f3venes"},"content":{"rendered":"\n<p class=\"has-background has-very-light-gray-background-color\">Cuarta entrega de mi serie sobre hacerse mayo en la m\u00fasica: <a href=\"http:\/\/www.elenacabrera.com\/weblog\/ser-gotico-a-los-50-si-se-puede\/\">g\u00f3ticos<\/a>, <a href=\"http:\/\/www.elenacabrera.com\/weblog\/ser-punk-a-los-40\/\">punks, psychobillies<\/a>, <a href=\"http:\/\/www.elenacabrera.com\/weblog\/cuando-el-mundo-se-acabe-los-heavies-seguiran-alli\/\">heavies<\/a> y mods.<\/p>\n\n\n\n<p>\u201cCon la edad la gente pierde nervios y adquiere kilos, maldita sea\u201d. Lo escucho en la radio. He sintonizado (digo \u201csintonizar\u201d por escribir en estilo cl\u00e1sico; en realidad, he hecho clic) R\u00e0dio Ciutat Vella, de Barcelona, y <strong><a rel=\"noreferrer noopener\" aria-label=\"Alberto Valle (abre en una nueva pesta\u00f1a)\" href=\"http:\/\/valleustedasaber.blogspot.com\/\" target=\"_blank\">Alberto Valle<\/a><\/strong> est\u00e1 haciendo su programa semanal <em><a rel=\"noreferrer noopener\" aria-label=\"El aperitivo del ritual (abre en una nueva pesta\u00f1a)\" href=\"https:\/\/www.ivoox.com\/podcast-aperitivo-del-ritual_sq_f1454987_1.html\" target=\"_blank\">El aperitivo del ritual<\/a><\/em>. Alberto <a href=\"http:\/\/valleustedasaber.blogspot.com\/2019\/07\/el-aperitivo-del-ritual-120719.html\" target=\"_blank\" rel=\"noreferrer noopener\" aria-label=\"comparte hoy el micro (abre en una nueva pesta\u00f1a)\">comparte hoy el micro<\/a> con una joven invitada a la que advierte de que llegar\u00e1 un d\u00eda en el que dejar\u00e1 de estar nerviosa en las entrevistas. Ella es <strong>Hary Vicious<\/strong>, una cantante que viene del rockabilly y que est\u00e1 reci\u00e9n lanzada a la promoci\u00f3n de eventos. \u201cEl northern soul en Barcelona estaba muerto\u201d, dice ella. \u201cYo creo que la \u00faltima vez que hubo una fiesta northern soul en Barcelona t\u00fa acababas de nacer\u201d, le contesta Alberto. Hary est\u00e1 presentando un nuevo club: se llama <strong>Breakaway<\/strong> y arranca el 20 de julio en la sala <strong>New Underground<\/strong> de Barcelona. \u201cEl rollo northern ha desaparecido \u2014insiste la cantante de <strong>Hary &amp; The Compasses<\/strong>\u2014, vas a una fiesta de soul y adem\u00e1s de soul hay [los g\u00e9neros de principios de los 70] modern y crossover y a m\u00ed lo que me gusta es bailar northern, a m\u00ed que me pongan inventos raros, me raya\u201d. Alberto Valle pone perspectiva al asunto: \u201cBarcelona es una ciudad que tiene una fuerte tradici\u00f3n en mezclar sonidos e ir m\u00e1s all\u00e1, y de ah\u00ed han resultado clubes bastante ecl\u00e9cticos y por eso es curioso que vuelva una fiesta a base de <em>oldies<\/em> y northern can\u00f3nico\u201d. La conversaci\u00f3n radiof\u00f3nica prosigue en esa l\u00ednea de contraste entre pasado y presente, entre ortodoxia y heterodoxia. Es una gozada poder asistir a ella.<\/p>\n\n\n\n<p>Alberto Valle tiene 41 a\u00f1os pero Hary alude a \u00e9l como \u201cvosotros, los mayores\u201d. \u201cYo empec\u00e9 en esto a principios de los 90 \u2014nos cuenta \u00e9l, unos d\u00edas despu\u00e9s del programa\u2014 y ah\u00ed ya hab\u00eda gente que para m\u00ed era mayor. Porque cuando tienes 14 o 15 a\u00f1os, un t\u00edo de 21 o 22 es mayor. Y un t\u00edo de 28 ya es matusal\u00e9n\u201d. \u201cEsa gente mayor vest\u00eda muy bien, conoc\u00eda mucha m\u00fasica y, en fin, estaba l\u00f3gicamente muy por delante en todo. Algunos miraban por encima del hombro a los m\u00e1s j\u00f3venes, otros no. Independientemente de todo ello, cada uno creci\u00f3 y sigui\u00f3 su camino e hizo o dej\u00f3 de \u2018hacer escena\u2019. As\u00ed que, si no te gusta lo que ves, si aborreces una escena de gente mayor, <strong>haz algo t\u00fa e inv\u00e9ntate tu escena de la misma, exacta, manera en que nosotros<\/strong>, en nuestro d\u00eda, nos inventamos la nuestra\u201d, dice. Alberto piensa que, los que son mayores, han de estar ah\u00ed para apoyar lo que venga nuevo pero que \u201clas subculturas deber\u00edan seguir siendo j\u00f3venes\u201d. Eso, si es que viene algo nuevo; luego hablaremos de ese tema.\u201cMod o, mejor, Modernista, es una buena manera para definirme\u201d, dice Valle. \u201cClaro que, viendo algunas luminarias del actual entorno mod, que si unos muy instalados en el t\u00f3pico, que si otros defendiendo a partidos de extrema derecha, siempre hay la preocupaci\u00f3n de que te confundan con seg\u00fan qu\u00e9 gente. Pero qu\u00e9 cojones. Es algo que para m\u00ed ha estado ah\u00ed siempre y nadie va a cambiarlo\u201d. Por otro lado, aunque admite que es necesaria la disparidad de opiniones, le cuesta entender \u201cc\u00f3mo se puede hacer comulgar el Modernismo, una subcultura nacida en la Inglaterra de los a\u00f1os 50, por parte de j\u00f3venes internacionalistas, mayormente jud\u00edos, enamorados de la m\u00fasica negra, el <em>look<\/em> continental y muy atentos a la creatividad est\u00e9tica de la comunidad gay de su tiempo, con idearios racistas, antisemitas, hom\u00f3fobos o ultranacionalistas. Cuando el asunto siempre fue de pillar lo mejor de cada sitio, y divertirte haci\u00e9ndolo\u201d.<\/p>\n\n\n\n<p style=\"text-align:right\"><a rel=\"noreferrer noopener\" aria-label=\"...Sigue leyendo en Tribus Ocultas, de lasexta.com (abre en una nueva pesta\u00f1a)\" href=\"https:\/\/www.lasexta.com\/tribus-ocultas\/musica\/envejecer-como-mod-opcion-mas-estilosa-todas-grandes-pasiones-musicales_201907215d34b7680cf2be64e25e4fb5.html\" target=\"_blank\">&#8230;Sigue leyendo en Tribus Ocultas, de lasexta.com<\/a><\/p>\n\n\n\n<p class=\"has-background has-very-light-gray-background-color\"><em>En la foto, Alberto Valle haciendo su programa de radio. La foto la he tomado prestada de <a href=\"http:\/\/valleustedasaber.blogspot.com\">su blog<\/a>.<\/em><\/p>\n","protected":false},"excerpt":{"rendered":"<p>Aparecieron en los 80 y volvieron en los 90, en los dosmiles y ahora. Jam\u00e1s se han ido y jam\u00e1s se ir\u00e1n. Envejecer como mod es la opci\u00f3n m\u00e1s estilosa de entre todas las grandes pasiones musicales.<\/p>\n","protected":false},"author":1,"featured_media":2002002836,"comment_status":"closed","ping_status":"closed","sticky":false,"template":"","format":"standard","meta":{"footnotes":""},"categories":[],"tags":[],"class_list":["post-2002002835","post","type-post","status-publish","format-standard","has-post-thumbnail","hentry"],"_links":{"self":[{"href":"http:\/\/www.elenacabrera.com\/weblog3\/wp-json\/wp\/v2\/posts\/2002002835","targetHints":{"allow":["GET"]}}],"collection":[{"href":"http:\/\/www.elenacabrera.com\/weblog3\/wp-json\/wp\/v2\/posts"}],"about":[{"href":"http:\/\/www.elenacabrera.com\/weblog3\/wp-json\/wp\/v2\/types\/post"}],"author":[{"embeddable":true,"href":"http:\/\/www.elenacabrera.com\/weblog3\/wp-json\/wp\/v2\/users\/1"}],"replies":[{"embeddable":true,"href":"http:\/\/www.elenacabrera.com\/weblog3\/wp-json\/wp\/v2\/comments?post=2002002835"}],"version-history":[{"count":3,"href":"http:\/\/www.elenacabrera.com\/weblog3\/wp-json\/wp\/v2\/posts\/2002002835\/revisions"}],"predecessor-version":[{"id":2002002839,"href":"http:\/\/www.elenacabrera.com\/weblog3\/wp-json\/wp\/v2\/posts\/2002002835\/revisions\/2002002839"}],"wp:featuredmedia":[{"embeddable":true,"href":"http:\/\/www.elenacabrera.com\/weblog3\/wp-json\/wp\/v2\/media\/2002002836"}],"wp:attachment":[{"href":"http:\/\/www.elenacabrera.com\/weblog3\/wp-json\/wp\/v2\/media?parent=2002002835"}],"wp:term":[{"taxonomy":"category","embeddable":true,"href":"http:\/\/www.elenacabrera.com\/weblog3\/wp-json\/wp\/v2\/categories?post=2002002835"},{"taxonomy":"post_tag","embeddable":true,"href":"http:\/\/www.elenacabrera.com\/weblog3\/wp-json\/wp\/v2\/tags?post=2002002835"}],"curies":[{"name":"wp","href":"https:\/\/api.w.org\/{rel}","templated":true}]}}