{"id":2002002840,"date":"2019-07-23T08:39:27","date_gmt":"2019-07-23T06:39:27","guid":{"rendered":"http:\/\/www.elenacabrera.com\/weblog\/?p=2002002840"},"modified":"2019-07-23T08:39:33","modified_gmt":"2019-07-23T06:39:33","slug":"en-el-debate-sobre-menores-y-moviles-importa-menos-la-edad-y-mas-el-como-usarlos","status":"publish","type":"post","link":"http:\/\/www.elenacabrera.com\/weblog3\/2019\/07\/23\/en-el-debate-sobre-menores-y-moviles-importa-menos-la-edad-y-mas-el-como-usarlos\/","title":{"rendered":"En el debate sobre menores y m\u00f3viles importa menos la edad y m\u00e1s el c\u00f3mo usarlos"},"content":{"rendered":"\n<p>Antes o despu\u00e9s, bien en un grupo de WhatsApp o en una pregunta r\u00e1pida a la puerta del colegio, una madre o un padre pregunta a otro: <strong>\u00bfa qu\u00e9 edad le dejaste tener m\u00f3vil?<\/strong> No hace falta ser el Instituto Nacional de Estad\u00edstica para conocer la respuesta a la encuestaci\u00f3n popular: la decisi\u00f3n m\u00e1s habitual se toma cuando pasan al instituto, a los 12 a\u00f1os; aunque los datos del INE lo refrendan.<\/p>\n\n\n\n<p>El <strong>26 por ciento de los ni\u00f1os y ni\u00f1as de 10 a\u00f1os tienen m\u00f3vil propio<\/strong>, seg\u00fan datos del INE de 2018. As\u00ed como el 41 por ciento de los de 11 a\u00f1os. El salto definitivo llega, como dec\u00edamos, a los 12 a\u00f1os, donde tres de cada cuatro lo tienen. La progresi\u00f3n desemboca en que disponen de m\u00f3vil un 95 por ciento de los que tienen 15 a\u00f1os, a pocos puntos de la totalidad. <strong>\u00bfY qu\u00e9 ocurre antes de los 9 a\u00f1os?<\/strong> Otro estudio potente, EU Kids Online, cofinanciado por el Gobierno de Espa\u00f1a y la Uni\u00f3n Europea, advierte de que <strong>los menores de entre 9 y 10 a\u00f1os pasan una media de dos horas diarias conectados a internet<\/strong>, un 43 por ciento de ellos mediante el m\u00f3vil.<\/p>\n\n\n\n<p>Pero ser\u00eda na\u00edf pensar que los 9 a\u00f1os es la verdadera edad de iniciaci\u00f3n al mundo conectado, a pesar de que sea la edad a partir de la cual preguntan las encuestas. \u201cUn simple vistazo a nuestro alrededor nos indica que quiz\u00e1s <strong>desde edades muy tempranas se est\u00e1 teniendo acceso a contenidos en l\u00ednea<\/strong>, tanto l\u00fadicos como educativos\u201d, apunta Cristina Guti\u00e9rrez, experta en ciberseguridad en el \u00e1rea de menores del Instituto Nacional de Ciberseguridad (INCIBE). \u201cEl menor accede en primer lugar desde los m\u00f3viles de los padres\u201d, a\u00f1ade. Y eso sucede a partir de los dos a\u00f1os de edad\u00bb.<\/p>\n\n\n\n<p style=\"text-align:right\"><em><a rel=\"noreferrer noopener\" aria-label=\"...Sigue leyendo en eldiario.es (abre en una nueva pesta\u00f1a)\" href=\"https:\/\/www.eldiario.es\/nidos\/debate-menores-moviles-importa-usarlos_0_921808555.html\" target=\"_blank\">&#8230;Sigue leyendo en eldiario.es<\/a><\/em><\/p>\n\n\n\n<p class=\"has-background has-very-light-gray-background-color\">En la foto estoy hablando con Laura Garaboa, polic\u00eda nacional miembro del equipo  de redes sociales de este cuerpo de seguridad, durante un acto del Club de Malasmadres en el que se presentan algunos de los datos que se recogen en este art\u00edculo. La foto ha sido proporcionada por Malasmadres.<\/p>\n","protected":false},"excerpt":{"rendered":"<p>Uno de cuatro ni\u00f1os y ni\u00f1as de 10 a\u00f1os tiene m\u00f3vil propio pero ese dato ha dejado de escandalizar porque, en realidad, vienen utilizando el de los progenitores pr\u00e1cticamente desde que son capaces de sujetarlo sin arrojarlo al suelo.<\/p>\n","protected":false},"author":1,"featured_media":2002002841,"comment_status":"closed","ping_status":"closed","sticky":false,"template":"","format":"standard","meta":{"footnotes":""},"categories":[],"tags":[],"class_list":["post-2002002840","post","type-post","status-publish","format-standard","has-post-thumbnail","hentry"],"_links":{"self":[{"href":"http:\/\/www.elenacabrera.com\/weblog3\/wp-json\/wp\/v2\/posts\/2002002840","targetHints":{"allow":["GET"]}}],"collection":[{"href":"http:\/\/www.elenacabrera.com\/weblog3\/wp-json\/wp\/v2\/posts"}],"about":[{"href":"http:\/\/www.elenacabrera.com\/weblog3\/wp-json\/wp\/v2\/types\/post"}],"author":[{"embeddable":true,"href":"http:\/\/www.elenacabrera.com\/weblog3\/wp-json\/wp\/v2\/users\/1"}],"replies":[{"embeddable":true,"href":"http:\/\/www.elenacabrera.com\/weblog3\/wp-json\/wp\/v2\/comments?post=2002002840"}],"version-history":[{"count":1,"href":"http:\/\/www.elenacabrera.com\/weblog3\/wp-json\/wp\/v2\/posts\/2002002840\/revisions"}],"predecessor-version":[{"id":2002002842,"href":"http:\/\/www.elenacabrera.com\/weblog3\/wp-json\/wp\/v2\/posts\/2002002840\/revisions\/2002002842"}],"wp:featuredmedia":[{"embeddable":true,"href":"http:\/\/www.elenacabrera.com\/weblog3\/wp-json\/wp\/v2\/media\/2002002841"}],"wp:attachment":[{"href":"http:\/\/www.elenacabrera.com\/weblog3\/wp-json\/wp\/v2\/media?parent=2002002840"}],"wp:term":[{"taxonomy":"category","embeddable":true,"href":"http:\/\/www.elenacabrera.com\/weblog3\/wp-json\/wp\/v2\/categories?post=2002002840"},{"taxonomy":"post_tag","embeddable":true,"href":"http:\/\/www.elenacabrera.com\/weblog3\/wp-json\/wp\/v2\/tags?post=2002002840"}],"curies":[{"name":"wp","href":"https:\/\/api.w.org\/{rel}","templated":true}]}}