{"id":2002002843,"date":"2019-07-26T10:29:29","date_gmt":"2019-07-26T08:29:29","guid":{"rendered":"http:\/\/www.elenacabrera.com\/weblog\/?p=2002002843"},"modified":"2019-07-26T10:29:30","modified_gmt":"2019-07-26T08:29:30","slug":"ultimo-paseo-por-ahora","status":"publish","type":"post","link":"http:\/\/www.elenacabrera.com\/weblog3\/2019\/07\/26\/ultimo-paseo-por-ahora\/","title":{"rendered":"\u00daltimo paseo (\u00a1por ahora!)"},"content":{"rendered":"\n<p>Pero como no se sabe&#8230; yo que t\u00fa me apuntaba a este: <strong>26 de julio a las 19h<\/strong>.<\/p>\n\n\n\n<p>Te puedes inscribir <a rel=\"noreferrer noopener\" aria-label=\"rellenando este formulario (abre en una nueva pesta\u00f1a)\" href=\"https:\/\/docs.google.com\/forms\/d\/e\/1FAIpQLSfpqd8kS-464jvLnERcJJwrVNsOuRcC2VbbHI226o-8fg6exA\/viewform\" target=\"_blank\">rellenando este formulario<\/a>. Y, para saber m\u00e1s sobre los paseos, <a href=\"http:\/\/www.elenacabrera.com\/weblog\/paseos-por-la-prospe\/\">aqu\u00ed<\/a>. El de hoy se trata del <strong><a href=\"http:\/\/www.elenacabrera.com\/weblog\/tag\/paseos\/\">paseo comentado<\/a><\/strong> que hacemos montados en una m\u00e1quina del tiempo que va adelante y atr\u00e1s todo el rato, salt\u00e1ndonos la linealidad cronogr\u00e1fica, porque nada es tan sencillo. Pasamos por sitios que ya no existen, como el Rock-Ola y por otros muy vivos, como la tienda de discos la Negra. Nos detenemos en esquinas que parecen vulgares, comunes, pero que en realidad fueron el epicentro de la nueva ola madrile\u00f1a&#8230; y pueden volver a serlo.<\/p>\n\n\n\n<p>Este paseo, adem\u00e1s, tiene una dedicatoria: al <strong>Wild Thing bar,<\/strong> que lleva abierto desde 1991 y el Ayuntamiento de Madrid les impide abrir desde junio por un incomprensible tema de licencia.<\/p>\n\n\n\n<figure class=\"wp-block-image\"><img loading=\"lazy\" decoding=\"async\" width=\"1012\" height=\"1012\" src=\"http:\/\/www.elenacabrera.com\/weblog\/wp-content\/uploads\/wild-thing-bar.jpeg\" alt=\"\" class=\"wp-image-2002002845\" srcset=\"http:\/\/www.elenacabrera.com\/weblog3\/wp-content\/uploads\/wild-thing-bar.jpeg 1012w, http:\/\/www.elenacabrera.com\/weblog3\/wp-content\/uploads\/wild-thing-bar-150x150.jpeg 150w, http:\/\/www.elenacabrera.com\/weblog3\/wp-content\/uploads\/wild-thing-bar-300x300.jpeg 300w, http:\/\/www.elenacabrera.com\/weblog3\/wp-content\/uploads\/wild-thing-bar-768x768.jpeg 768w\" sizes=\"auto, (max-width: 1012px) 100vw, 1012px\" \/><\/figure>\n","protected":false},"excerpt":{"rendered":"<p>Pero como no se sabe&#8230; yo que t\u00fa me apuntaba a este: 26 de julio a las 19h.<\/p>\n","protected":false},"author":1,"featured_media":2002002844,"comment_status":"closed","ping_status":"closed","sticky":false,"template":"","format":"standard","meta":{"footnotes":""},"categories":[],"tags":[],"class_list":["post-2002002843","post","type-post","status-publish","format-standard","has-post-thumbnail","hentry"],"_links":{"self":[{"href":"http:\/\/www.elenacabrera.com\/weblog3\/wp-json\/wp\/v2\/posts\/2002002843","targetHints":{"allow":["GET"]}}],"collection":[{"href":"http:\/\/www.elenacabrera.com\/weblog3\/wp-json\/wp\/v2\/posts"}],"about":[{"href":"http:\/\/www.elenacabrera.com\/weblog3\/wp-json\/wp\/v2\/types\/post"}],"author":[{"embeddable":true,"href":"http:\/\/www.elenacabrera.com\/weblog3\/wp-json\/wp\/v2\/users\/1"}],"replies":[{"embeddable":true,"href":"http:\/\/www.elenacabrera.com\/weblog3\/wp-json\/wp\/v2\/comments?post=2002002843"}],"version-history":[{"count":1,"href":"http:\/\/www.elenacabrera.com\/weblog3\/wp-json\/wp\/v2\/posts\/2002002843\/revisions"}],"predecessor-version":[{"id":2002002846,"href":"http:\/\/www.elenacabrera.com\/weblog3\/wp-json\/wp\/v2\/posts\/2002002843\/revisions\/2002002846"}],"wp:featuredmedia":[{"embeddable":true,"href":"http:\/\/www.elenacabrera.com\/weblog3\/wp-json\/wp\/v2\/media\/2002002844"}],"wp:attachment":[{"href":"http:\/\/www.elenacabrera.com\/weblog3\/wp-json\/wp\/v2\/media?parent=2002002843"}],"wp:term":[{"taxonomy":"category","embeddable":true,"href":"http:\/\/www.elenacabrera.com\/weblog3\/wp-json\/wp\/v2\/categories?post=2002002843"},{"taxonomy":"post_tag","embeddable":true,"href":"http:\/\/www.elenacabrera.com\/weblog3\/wp-json\/wp\/v2\/tags?post=2002002843"}],"curies":[{"name":"wp","href":"https:\/\/api.w.org\/{rel}","templated":true}]}}