{"id":2002002849,"date":"2019-07-29T12:07:36","date_gmt":"2019-07-29T10:07:36","guid":{"rendered":"http:\/\/www.elenacabrera.com\/weblog\/?p=2002002849"},"modified":"2019-07-31T12:32:07","modified_gmt":"2019-07-31T10:32:07","slug":"mujer-periodista-madre","status":"publish","type":"post","link":"http:\/\/www.elenacabrera.com\/weblog3\/2019\/07\/29\/mujer-periodista-madre\/","title":{"rendered":"Mujer, periodista, madre"},"content":{"rendered":"\n<p>Suena un poco \u00e9pico, como si fuera una cosa muy rara, cuando hay miles de mujeres periodistas y madres, pero por muy habitual que sea, f\u00e1cil no es. Tampoco muy dif\u00edcil, que no se trata de ser agente de la CIA.<\/p>\n\n\n\n<figure class=\"wp-block-image\"><img loading=\"lazy\" decoding=\"async\" width=\"924\" height=\"530\" src=\"http:\/\/www.elenacabrera.com\/weblog\/wp-content\/uploads\/215200.jpg\" alt=\"\" class=\"wp-image-2002002850\" srcset=\"http:\/\/www.elenacabrera.com\/weblog3\/wp-content\/uploads\/215200.jpg 924w, http:\/\/www.elenacabrera.com\/weblog3\/wp-content\/uploads\/215200-300x172.jpg 300w, http:\/\/www.elenacabrera.com\/weblog3\/wp-content\/uploads\/215200-768x441.jpg 768w\" sizes=\"auto, (max-width: 924px) 100vw, 924px\" \/><figcaption>Las preocupaciones de Carrie<\/figcaption><\/figure>\n\n\n\n<p>Gema Valencia <a href=\"https:\/\/www.reddeperiodistas.com\/todo-lo-que-pierdes-si-eres-mujer-periodista-y-madre\/\">ha escrito para Red de Periodistas<\/a> (\u00bfeso <a rel=\"noreferrer noopener\" aria-label=\"qu\u00e9 es (abre en una nueva pesta\u00f1a)\" href=\"https:\/\/www.reddeperiodistas.com\/por-que-otra-red-periodistas\/\" target=\"_blank\">qu\u00e9 es<\/a>?) un reportaje sobre c\u00f3mo vivimos las mujeres madres nuestra profesi\u00f3n. Yo, con bastante ansiedad, la verdad. Algo cuento en el art\u00edculo.<\/p>\n\n\n\n<p>Es interesante esto sobre la jornada reducida, ya era hora de que se dijera en p\u00fablico:<\/p>\n\n\n\n<blockquote class=\"wp-block-quote is-layout-flow wp-block-quote-is-layout-flow\"><p>Un ejemplo es el de <strong>E. G. M<\/strong>., redactora jefa en un  medio nacional: \u201cno cog\u00ed horario reducido, soy redactora jefa y tendr\u00eda  que hacer el mismo trabajo en menos tiempo por menos dinero, no tendr\u00eda  sentido\u201d, revela.<br>Sin embargo, la existencia de un convenio  laboral favorable a la conciliaci\u00f3n le ayud\u00f3 a armonizar la vida  familiar y laboral con la llegada de un nuevo miembro a su familia.<br>Pintos tampoco opt\u00f3 por reducir su jornada \u201cno s\u00e9 si hubiera promocionado en caso de hacerlo. Todav\u00eda eso parece dif\u00edcil de conseguir, yo nunca he tenido un jefe de redacci\u00f3n con jornada reducida\u201d, especifica.<br>La media jornada parece que no es una soluci\u00f3n que se ajuste a las din\u00e1micas del periodismo.<\/p><\/blockquote>\n\n\n\n<p>Y esto sobre ser freelance, que es donde intervengo yo con mis movidas:<\/p>\n\n\n\n<blockquote class=\"wp-block-quote is-layout-flow wp-block-quote-is-layout-flow\"><p><strong>GEMA VALENCIA:<\/strong> Si hubieras trabajado en una redacci\u00f3n \u00bfcrees que la conciliaci\u00f3n hubiera resultado m\u00e1s f\u00e1cil o m\u00e1s dif\u00edcil?<br><strong>ELENA CABRERA:<\/strong>  M\u00e1s f\u00e1cil, sin ninguna duda. Est\u00e1 claro que hay d\u00edas en los que pasan  cosas y te tienes que quedar, pero no es lo mismo estar en casa todo el  d\u00eda en r\u00e9gimen de flexibilidad y autoexplotaci\u00f3n que tener un contrato  laboral, hacer tu trabajo fuera y, cuando vuelves, tienes tiempo libre.<br>Adem\u00e1s, trabajando por cuenta propia, Cabrera recuerda que \u201cal principio <strong>me sent\u00eda invencible<\/strong>  porque ser madre me pareci\u00f3 algo muy potente y emocionante, lo cual se  me present\u00f3 como una fuente de energ\u00eda\u2026 que se agot\u00f3 r\u00e1pidamente\u201d.<br>Y al agotarse, durante el primer y segundo a\u00f1o de maternidad, vivi\u00f3 \u201cla cl\u00e1sica dicotom\u00eda de las <strong>madres trabajadoras precarias<\/strong>: o trabajar para pagar la guarder\u00eda o tener al beb\u00e9 en casa y trabaja lo que se pueda\u201d, relata.<\/p><\/blockquote>\n\n\n\n<p>Pod\u00e9is leerlo entero <a href=\"https:\/\/www.reddeperiodistas.com\/todo-lo-que-pierdes-si-eres-mujer-periodista-y-madre\/\" target=\"_blank\" rel=\"noreferrer noopener\" aria-label=\"aqu\u00ed (abre en una nueva pesta\u00f1a)\">aqu\u00ed<\/a>.<\/p>\n","protected":false},"excerpt":{"rendered":"<p>Suena un poco \u00e9pico, como si fuera una cosa muy rara, cuando hay miles de mujeres periodistas y madres, pero por muy habitual que sea, f\u00e1cil no es. Tampoco muy dif\u00edcil, que no se trata de ser agente de la CIA. Gema Valencia ha escrito para Red de Periodistas (\u00bfeso qu\u00e9 es?) un reportaje sobre [&hellip;]<\/p>\n","protected":false},"author":1,"featured_media":2002002854,"comment_status":"closed","ping_status":"closed","sticky":false,"template":"","format":"standard","meta":{"footnotes":""},"categories":[2],"tags":[],"class_list":["post-2002002849","post","type-post","status-publish","format-standard","has-post-thumbnail","hentry","category-twentytwentyfive"],"_links":{"self":[{"href":"http:\/\/www.elenacabrera.com\/weblog3\/wp-json\/wp\/v2\/posts\/2002002849","targetHints":{"allow":["GET"]}}],"collection":[{"href":"http:\/\/www.elenacabrera.com\/weblog3\/wp-json\/wp\/v2\/posts"}],"about":[{"href":"http:\/\/www.elenacabrera.com\/weblog3\/wp-json\/wp\/v2\/types\/post"}],"author":[{"embeddable":true,"href":"http:\/\/www.elenacabrera.com\/weblog3\/wp-json\/wp\/v2\/users\/1"}],"replies":[{"embeddable":true,"href":"http:\/\/www.elenacabrera.com\/weblog3\/wp-json\/wp\/v2\/comments?post=2002002849"}],"version-history":[{"count":2,"href":"http:\/\/www.elenacabrera.com\/weblog3\/wp-json\/wp\/v2\/posts\/2002002849\/revisions"}],"predecessor-version":[{"id":2002002855,"href":"http:\/\/www.elenacabrera.com\/weblog3\/wp-json\/wp\/v2\/posts\/2002002849\/revisions\/2002002855"}],"wp:featuredmedia":[{"embeddable":true,"href":"http:\/\/www.elenacabrera.com\/weblog3\/wp-json\/wp\/v2\/media\/2002002854"}],"wp:attachment":[{"href":"http:\/\/www.elenacabrera.com\/weblog3\/wp-json\/wp\/v2\/media?parent=2002002849"}],"wp:term":[{"taxonomy":"category","embeddable":true,"href":"http:\/\/www.elenacabrera.com\/weblog3\/wp-json\/wp\/v2\/categories?post=2002002849"},{"taxonomy":"post_tag","embeddable":true,"href":"http:\/\/www.elenacabrera.com\/weblog3\/wp-json\/wp\/v2\/tags?post=2002002849"}],"curies":[{"name":"wp","href":"https:\/\/api.w.org\/{rel}","templated":true}]}}