{"id":2002002861,"date":"2019-07-30T12:40:53","date_gmt":"2019-07-30T10:40:53","guid":{"rendered":"http:\/\/www.elenacabrera.com\/weblog\/?p=2002002861"},"modified":"2019-07-31T13:05:46","modified_gmt":"2019-07-31T11:05:46","slug":"radio-desde-la-piscina-de-simulacion-de-agua-marina","status":"publish","type":"post","link":"http:\/\/www.elenacabrera.com\/weblog3\/2019\/07\/30\/radio-desde-la-piscina-de-simulacion-de-agua-marina\/","title":{"rendered":"Radio desde la piscina de simulaci\u00f3n de agua marina"},"content":{"rendered":"\n<p>El 21 de julio estuve en la piscina de Santa Ana (Tres Olivos, Fuencarral) invitada por mis amigos de Los Incre\u00edbles HUL <a rel=\"noreferrer noopener\" aria-label=\"a su programa de radio El \u00daltimo Moyano, de M21 (abre en una nueva pesta\u00f1a)\" href=\"https:\/\/www.m21radio.es\/podcast\/el-ultimo-moyano\/el-ultimo-moyano-28072019\" target=\"_blank\">a su programa de radio El \u00daltimo Moyano, de M21<\/a>, que durante el verano sale de la cuesta (de Moyano) y se va de tourn\u00e9 por las piscinas madrile\u00f1as.<\/p>\n\n\n\n<p>Me llaman \u00abuna periodista de raza y de barrio como pocas\u00bb, qu\u00e9 bonito eso.<\/p>\n\n\n\n<iframe loading=\"lazy\" scrolling=\"no\" src=\"https:\/\/www.m21radio.es\/podcast\/el-ultimo-moyano\/el-ultimo-moyano-28072019?output=embed\" allowfullscreen=\"\" width=\"100%\" height=\"330\" frameborder=\"0\"><\/iframe>\n\n\n\n<p>Hablamos de cosas que hago, como mis <a href=\"http:\/\/www.elenacabrera.com\/weblog\/tag\/paseos\/\">paseos por La Prospe<\/a>, de m\u00fasica y del tema principal: <a href=\"http:\/\/www.elenacabrera.com\/weblog\/anarquia-cientifica\/\">el libro <\/a><em><a href=\"http:\/\/www.elenacabrera.com\/weblog\/anarquia-cientifica\/\">Anarqu\u00eda Cient\u00edfica<\/a><\/em>, que celebra los 40 a\u00f1os de historia de Aviador Dro.<\/p>\n\n\n\n<p>El podcast <a href=\"https:\/\/www.m21radio.es\/podcast\/el-ultimo-moyano\/el-ultimo-moyano-28072019\" target=\"_blank\" rel=\"noreferrer noopener\" aria-label=\"ya est\u00e1 disponible (abre en una nueva pesta\u00f1a)\">ya est\u00e1 disponible<\/a> para la escucha y descarga.<\/p>\n","protected":false},"excerpt":{"rendered":"<p>El 21 de julio estuve en la piscina de Santa Ana (Tres Olivos, Fuencarral) invitada por mis amigos de Los Incre\u00edbles HUL a su programa de radio El \u00daltimo Moyano, de M21, que durante el verano sale de la cuesta (de Moyano) y se va de tourn\u00e9 por las piscinas madrile\u00f1as. Me llaman \u00abuna periodista [&hellip;]<\/p>\n","protected":false},"author":1,"featured_media":2002002862,"comment_status":"closed","ping_status":"closed","sticky":false,"template":"","format":"standard","meta":{"footnotes":""},"categories":[3],"tags":[],"class_list":["post-2002002861","post","type-post","status-publish","format-standard","has-post-thumbnail","hentry","category-twentytwentyfive"],"_links":{"self":[{"href":"http:\/\/www.elenacabrera.com\/weblog3\/wp-json\/wp\/v2\/posts\/2002002861","targetHints":{"allow":["GET"]}}],"collection":[{"href":"http:\/\/www.elenacabrera.com\/weblog3\/wp-json\/wp\/v2\/posts"}],"about":[{"href":"http:\/\/www.elenacabrera.com\/weblog3\/wp-json\/wp\/v2\/types\/post"}],"author":[{"embeddable":true,"href":"http:\/\/www.elenacabrera.com\/weblog3\/wp-json\/wp\/v2\/users\/1"}],"replies":[{"embeddable":true,"href":"http:\/\/www.elenacabrera.com\/weblog3\/wp-json\/wp\/v2\/comments?post=2002002861"}],"version-history":[{"count":3,"href":"http:\/\/www.elenacabrera.com\/weblog3\/wp-json\/wp\/v2\/posts\/2002002861\/revisions"}],"predecessor-version":[{"id":2002002869,"href":"http:\/\/www.elenacabrera.com\/weblog3\/wp-json\/wp\/v2\/posts\/2002002861\/revisions\/2002002869"}],"wp:featuredmedia":[{"embeddable":true,"href":"http:\/\/www.elenacabrera.com\/weblog3\/wp-json\/wp\/v2\/media\/2002002862"}],"wp:attachment":[{"href":"http:\/\/www.elenacabrera.com\/weblog3\/wp-json\/wp\/v2\/media?parent=2002002861"}],"wp:term":[{"taxonomy":"category","embeddable":true,"href":"http:\/\/www.elenacabrera.com\/weblog3\/wp-json\/wp\/v2\/categories?post=2002002861"},{"taxonomy":"post_tag","embeddable":true,"href":"http:\/\/www.elenacabrera.com\/weblog3\/wp-json\/wp\/v2\/tags?post=2002002861"}],"curies":[{"name":"wp","href":"https:\/\/api.w.org\/{rel}","templated":true}]}}