{"id":2002002865,"date":"2019-07-24T12:58:46","date_gmt":"2019-07-24T10:58:46","guid":{"rendered":"http:\/\/www.elenacabrera.com\/weblog\/?p=2002002865"},"modified":"2019-07-31T13:03:12","modified_gmt":"2019-07-31T11:03:12","slug":"campamento-abuelos","status":"publish","type":"post","link":"http:\/\/www.elenacabrera.com\/weblog3\/2019\/07\/24\/campamento-abuelos\/","title":{"rendered":"Campamento abuelos"},"content":{"rendered":"\n<p>El verano de los escolares dura 79 d\u00edas. D\u00eda arriba, d\u00eda abajo, depende de d\u00f3nde. Las vacaciones laborales, 30. Con suerte, tres  de esas semanas se pueden coger en verano. Obviamente, tenemos un  problema. No es un problema nuevo pero s\u00ed es el elefante de la habitaci\u00f3n. <strong>\u00bfA costa de qu\u00e9 o de qui\u00e9n est\u00e1n los padres y madres trabajadoras sobrellevando la responsabilidad del cuidado de los hijos e hijas en verano?<\/strong> Del ahorro, cuando lo hay, y de los abuelos, cuando los hay. Cuando no hay ni una cosa ni otra, el verano deja de ser <strong>ese tiempo feliz y despreocupado que toda infancia merece<\/strong>.<\/p>\n\n\n\n<p><strong>\u00abEs complicado\u00bb<\/strong>. Esta conclusi\u00f3n se repite una y otra vez en las familias.  Muchas de ellas arrancan el verano con cierta planificaci\u00f3n, organizando  actividades interesantes para las tardes y contratando campamentos para  julio. Ponen la vista, y las esperanzas, en las ansiadas vacaciones de agosto. Pero el curso no empieza hasta mediados de septiembre y esas  \u00faltimas semanas se abandonan a la improvisaci\u00f3n.<\/p>\n\n\n\n<p>Es el caso de <strong>Mar<\/strong>, una madre  de dos ni\u00f1os de 8 y 11 a\u00f1os con los que vive, junto a su marido, en  Parla, una localidad al sur de Madrid. Lleva cuatro a\u00f1os tirando de  campamentos urbanos en el mes de julio. En agosto, se ir\u00e1 quince d\u00edas a  la playa. \u00bfQu\u00e9 pasar\u00e1 al reincorporarse al trabajo? \u00abSer\u00e1 complicado\u00bb, dice. Su marido trabaja fuera de casa todo el d\u00eda y ella lo hace en una  residencia de ancianos en la que est\u00e1 ingresada su propia madre. \u00abUnos d\u00edas <strong>tendr\u00e1n que venir a la residencia conmigo<\/strong>, no me queda otra, no  tenemos m\u00e1s dinero\u00bb, admite Mar. Los ni\u00f1os hacen all\u00ed compa\u00f1\u00eda a su  abuela, pero son muchos d\u00edas, muchas horas. Por otro lado, es el lugar  de trabajo de Mar y tiene muchas personas a las que cuidar, l\u00f3gicamente  no puede estar pendiente de los ni\u00f1os todo el rato.<\/p>\n\n\n\n<p style=\"text-align:right\"><a rel=\"noreferrer noopener\" aria-label=\"...Sigue leyendo en eldiario.es (abre en una nueva pesta\u00f1a)\" href=\"https:\/\/www.eldiario.es\/nidos\/Estrategias-familiares-hacer-verano-complicado_0_923207863.html\" target=\"_blank\"><em>&#8230;Sigue leyendo en eldiario.es<\/em><\/a><\/p>\n","protected":false},"excerpt":{"rendered":"<p>\u00bfA costa de qu\u00e9 o de qui\u00e9n est\u00e1n los padres y madres trabajadoras sobrellevando la responsabilidad del cuidado de los hijos e hijas en verano? <\/p>\n","protected":false},"author":1,"featured_media":2002002866,"comment_status":"closed","ping_status":"closed","sticky":false,"template":"","format":"standard","meta":{"footnotes":""},"categories":[],"tags":[],"class_list":["post-2002002865","post","type-post","status-publish","format-standard","has-post-thumbnail","hentry"],"_links":{"self":[{"href":"http:\/\/www.elenacabrera.com\/weblog3\/wp-json\/wp\/v2\/posts\/2002002865","targetHints":{"allow":["GET"]}}],"collection":[{"href":"http:\/\/www.elenacabrera.com\/weblog3\/wp-json\/wp\/v2\/posts"}],"about":[{"href":"http:\/\/www.elenacabrera.com\/weblog3\/wp-json\/wp\/v2\/types\/post"}],"author":[{"embeddable":true,"href":"http:\/\/www.elenacabrera.com\/weblog3\/wp-json\/wp\/v2\/users\/1"}],"replies":[{"embeddable":true,"href":"http:\/\/www.elenacabrera.com\/weblog3\/wp-json\/wp\/v2\/comments?post=2002002865"}],"version-history":[{"count":2,"href":"http:\/\/www.elenacabrera.com\/weblog3\/wp-json\/wp\/v2\/posts\/2002002865\/revisions"}],"predecessor-version":[{"id":2002002868,"href":"http:\/\/www.elenacabrera.com\/weblog3\/wp-json\/wp\/v2\/posts\/2002002865\/revisions\/2002002868"}],"wp:featuredmedia":[{"embeddable":true,"href":"http:\/\/www.elenacabrera.com\/weblog3\/wp-json\/wp\/v2\/media\/2002002866"}],"wp:attachment":[{"href":"http:\/\/www.elenacabrera.com\/weblog3\/wp-json\/wp\/v2\/media?parent=2002002865"}],"wp:term":[{"taxonomy":"category","embeddable":true,"href":"http:\/\/www.elenacabrera.com\/weblog3\/wp-json\/wp\/v2\/categories?post=2002002865"},{"taxonomy":"post_tag","embeddable":true,"href":"http:\/\/www.elenacabrera.com\/weblog3\/wp-json\/wp\/v2\/tags?post=2002002865"}],"curies":[{"name":"wp","href":"https:\/\/api.w.org\/{rel}","templated":true}]}}