{"id":2002002874,"date":"2019-08-26T09:47:24","date_gmt":"2019-08-26T07:47:24","guid":{"rendered":"http:\/\/www.elenacabrera.com\/weblog\/?p=2002002874"},"modified":"2019-08-26T09:47:26","modified_gmt":"2019-08-26T07:47:26","slug":"que-es-el-coordinador-de-parentalidad-y-quien-esta-a-favor-y-en-contra","status":"publish","type":"post","link":"http:\/\/www.elenacabrera.com\/weblog3\/2019\/08\/26\/que-es-el-coordinador-de-parentalidad-y-quien-esta-a-favor-y-en-contra\/","title":{"rendered":"Qu\u00e9 es el coordinador de parentalidad y qui\u00e9n est\u00e1 a favor y en contra"},"content":{"rendered":"\n<p>La figura del coordinador parental para facilitar la colaboraci\u00f3n de los progenitores tras un caso de divorcio conflictivo es algo nuevo en Espa\u00f1a. La primera sentencia que lo recoge data de julio de 2013 y la firm\u00f3 el juez <strong>Pascual Ortu\u00f1o<\/strong>, quien es, hasta hoy, uno de sus m\u00e1s convencidos defensores. No obstante, la introducci\u00f3n es a\u00fan escasa y tiene firmes detractores.<\/p>\n\n\n\n<p>Se trata de una figura jur\u00eddica que no est\u00e1 regulada, que no existe en nuestras leyes, pero que algunos jueces est\u00e1n d\u00e1ndole forma al amparo del art\u00edculo 158 del C\u00f3digo Civil, que permite al juez adoptar las \u00abdisposiciones que considere oportunas\u00bb para evitar perjuicios al menor en su entorno  familiar. \u00abEs una intervenci\u00f3n psicosocial que se genera dentro del proceso judicial\u00bb, explica el magistrado Pascual Ortu\u00f1o. Ese art\u00edculo \u00abpermite gran discrecionalidad y as\u00ed <strong>estamos introduciendo la figura por v\u00eda judicial\u00bb<\/strong>.<\/p>\n\n\n\n<p>Los jueces se inspiran en medidas similares que se vienen aplicando en Estados Unidos y Canad\u00e1, generalmente tambi\u00e9n sin regulaci\u00f3n espec\u00edfica, aunque con unos derechos menos sujetos a la ley que en el caso espa\u00f1ol. \u00abHemos visto que en otros pa\u00edses funciona\u00bb, dice Ortu\u00f1o.<\/p>\n\n\n\n<p style=\"text-align:right\"><a rel=\"noreferrer noopener\" aria-label=\"...Sigue leyendo en eldiario.es (abre en una nueva pesta\u00f1a)\" href=\"https:\/\/www.eldiario.es\/nidos\/coordinador-divorcios-objeciones-feministas-adhesiones_0_931957320.html\" target=\"_blank\"><em>&#8230;Sigue leyendo en eldiario.es<\/em><\/a><\/p>\n","protected":false},"excerpt":{"rendered":"<p>La figura del coordinador parental para facilitar la colaboraci\u00f3n de los progenitores tras un caso de divorcio conflictivo es algo nuevo en Espa\u00f1a. La primera sentencia que lo recoge data de julio de 2013 y la firm\u00f3 el juez Pascual Ortu\u00f1o, quien es, hasta hoy, uno de sus m\u00e1s convencidos defensores. No obstante, la introducci\u00f3n [&hellip;]<\/p>\n","protected":false},"author":1,"featured_media":0,"comment_status":"closed","ping_status":"closed","sticky":false,"template":"","format":"standard","meta":{"footnotes":""},"categories":[],"tags":[],"class_list":["post-2002002874","post","type-post","status-publish","format-standard","hentry"],"_links":{"self":[{"href":"http:\/\/www.elenacabrera.com\/weblog3\/wp-json\/wp\/v2\/posts\/2002002874","targetHints":{"allow":["GET"]}}],"collection":[{"href":"http:\/\/www.elenacabrera.com\/weblog3\/wp-json\/wp\/v2\/posts"}],"about":[{"href":"http:\/\/www.elenacabrera.com\/weblog3\/wp-json\/wp\/v2\/types\/post"}],"author":[{"embeddable":true,"href":"http:\/\/www.elenacabrera.com\/weblog3\/wp-json\/wp\/v2\/users\/1"}],"replies":[{"embeddable":true,"href":"http:\/\/www.elenacabrera.com\/weblog3\/wp-json\/wp\/v2\/comments?post=2002002874"}],"version-history":[{"count":1,"href":"http:\/\/www.elenacabrera.com\/weblog3\/wp-json\/wp\/v2\/posts\/2002002874\/revisions"}],"predecessor-version":[{"id":2002002875,"href":"http:\/\/www.elenacabrera.com\/weblog3\/wp-json\/wp\/v2\/posts\/2002002874\/revisions\/2002002875"}],"wp:attachment":[{"href":"http:\/\/www.elenacabrera.com\/weblog3\/wp-json\/wp\/v2\/media?parent=2002002874"}],"wp:term":[{"taxonomy":"category","embeddable":true,"href":"http:\/\/www.elenacabrera.com\/weblog3\/wp-json\/wp\/v2\/categories?post=2002002874"},{"taxonomy":"post_tag","embeddable":true,"href":"http:\/\/www.elenacabrera.com\/weblog3\/wp-json\/wp\/v2\/tags?post=2002002874"}],"curies":[{"name":"wp","href":"https:\/\/api.w.org\/{rel}","templated":true}]}}