{"id":2002002878,"date":"2019-09-06T15:23:07","date_gmt":"2019-09-06T13:23:07","guid":{"rendered":"http:\/\/www.elenacabrera.com\/weblog\/?p=2002002878"},"modified":"2019-09-06T15:23:08","modified_gmt":"2019-09-06T13:23:08","slug":"salvaje-reentre","status":"publish","type":"post","link":"http:\/\/www.elenacabrera.com\/weblog3\/2019\/09\/06\/salvaje-reentre\/","title":{"rendered":"Salvaje reentr\u00e9"},"content":{"rendered":"\n<p>Se acab\u00f3 el verano despreocupado. Sobran, todav\u00eda, unas semanas de buen tiempo (agradable, no <a rel=\"noreferrer noopener\" aria-label=\"el infierno que ha sido agosto (abre en una nueva pesta\u00f1a)\" href=\"https:\/\/www.elconfidencial.com\/espana\/2019-08-05\/provincias-alerta-altas-temperaturas-5-agosto_2161843\/\" target=\"_blank\">el infierno que ha sido agosto<\/a>) y un \u00faltimo fin de semana antes de que empiece el colegio, el verdadero regular de la vuelta a la rutina.<\/p>\n\n\n\n<p>Con el retorno a las actividades y el arranque de la nueva temporada, en <strong>M21<\/strong> hemos trabajado para cerrar los dos siguientes <a rel=\"noreferrer noopener\" aria-label=\"Directo Salvaje (abre en una nueva pesta\u00f1a)\" href=\"https:\/\/www.m21radio.es\/programas\/directo-salvaje\" target=\"_blank\">Directo Salvaje<\/a>, el programa en el que retransmitimos conciertos en directo de grupos emergentes (o no tan nuevos pero underground) madrile\u00f1os en peque\u00f1as salas de la ciudad. <\/p>\n\n\n\n<p>Hoy anunciamos el primero de ellos. Me hace una ilusi\u00f3n especial porque lo monta un viejo amigo: <strong>Tanis Abell\u00e1n<\/strong> del sello <a rel=\"noreferrer noopener\" aria-label=\"Jabalina (abre en una nueva pesta\u00f1a)\" href=\"http:\/\/www.jabalinamusica.com\/\" target=\"_blank\">Jabalina<\/a>, a quien conozco desde principios de los 90. La discogr\u00e1fica est\u00e1 a punto de celebrar sus 25 a\u00f1os y una de las grandes noticias es que <a rel=\"noreferrer noopener\" aria-label=\"se ha convertido en el nuevo hogar de Parade (abre en una nueva pesta\u00f1a)\" href=\"http:\/\/www.jabalinamusica.com\/products\/la-deriva-sentimental\/\" target=\"_blank\">se ha convertido en el nuevo hogar de Parade<\/a>, el grupo de pop-sentimental-y-de ciencia-ficci\u00f3n de Antonio Galva\u00f1, a quien tambi\u00e9n conozco hace la tira de a\u00f1os. Su nuevo disco saldr\u00e1 el 20 de septiembre.<\/p>\n\n\n\n<p>Los grupos que participan en el Directo Salvaje de la semana que viene, <strong>viernes 13 de septiembre a las 21h<\/strong>, son <a href=\"https:\/\/espiritusanto.bandcamp.com\/\">Espiritusanto<\/a> y C\u00b7a\u00b7r\u00b7r\u00b7e\u00b7r\u00b7a. Espero que sea una noche de sonidos dreampop, shoegaze y un poquito de postpunk, en la <strong>Sala El Sol<\/strong>, que tambi\u00e9n est\u00e1 de 40 aniversario estos d\u00edas. Hacer el programa desde all\u00ed me alegra tambi\u00e9n much\u00edsimo: una sala tan bonita, donde he visto tanto concierto espectacular, tan especial y m\u00edtica.<\/p>\n\n\n\n<p><a rel=\"noreferrer noopener\" aria-label=\"Atenci\u00f3n al Instagram de M21, (abre en una nueva pesta\u00f1a)\" href=\"https:\/\/www.instagram.com\/m21radio\/\" target=\"_blank\">Atenci\u00f3n al Instagram de M21,<\/a> donde se van a sortear dos entradas dobles para asistir en persona. Para los que no puedan ir, est\u00e1 Directo Salvaje, llevando el misterio de salir de conciertos hasta los auriculares en tus o\u00eddos. Hablar\u00e9 con los grupos, con Tanis, con los responsables de la sala, con el p\u00fablico asistente, te narrar\u00e9 el ambiente y te contagiar\u00e9 de la emoci\u00f3n que, para m\u00ed, supone salir de conciertos por la noche.<\/p>\n\n\n\n<p>Es un honor para m\u00ed formar parte de una radio tan creativa y especial como M21, dirigida por <strong>To\u00f1a Medina y \u00c1ngeles Oliva<\/strong>. Me recorre un escalofr\u00edo cuando lo pienso.<\/p>\n\n\n\n<figure class=\"wp-block-embed-youtube wp-block-embed is-type-video is-provider-youtube wp-embed-aspect-16-9 wp-has-aspect-ratio\"><div class=\"wp-block-embed__wrapper\">\n<iframe loading=\"lazy\" title=\"M21: con\u00e9ctate con los sentidos de Madrid en el 88.6 FM o en m21radio.es\" width=\"500\" height=\"281\" src=\"https:\/\/www.youtube.com\/embed\/H9Z_J32L3E0?feature=oembed\" frameborder=\"0\" allow=\"accelerometer; autoplay; clipboard-write; encrypted-media; gyroscope; picture-in-picture; web-share\" referrerpolicy=\"strict-origin-when-cross-origin\" allowfullscreen><\/iframe>\n<\/div><\/figure>\n","protected":false},"excerpt":{"rendered":"<p>Se acab\u00f3 el verano despreocupado. Sobran, todav\u00eda, unas semanas de buen tiempo (agradable, no el infierno que ha sido agosto) y un \u00faltimo fin de semana antes de que empiece el colegio, el verdadero regular de la vuelta a la rutina. Con el retorno a las actividades y el arranque de la nueva temporada, en [&hellip;]<\/p>\n","protected":false},"author":1,"featured_media":2002002879,"comment_status":"closed","ping_status":"closed","sticky":false,"template":"","format":"standard","meta":{"footnotes":""},"categories":[3],"tags":[],"class_list":["post-2002002878","post","type-post","status-publish","format-standard","has-post-thumbnail","hentry","category-twentytwentyfive"],"_links":{"self":[{"href":"http:\/\/www.elenacabrera.com\/weblog3\/wp-json\/wp\/v2\/posts\/2002002878","targetHints":{"allow":["GET"]}}],"collection":[{"href":"http:\/\/www.elenacabrera.com\/weblog3\/wp-json\/wp\/v2\/posts"}],"about":[{"href":"http:\/\/www.elenacabrera.com\/weblog3\/wp-json\/wp\/v2\/types\/post"}],"author":[{"embeddable":true,"href":"http:\/\/www.elenacabrera.com\/weblog3\/wp-json\/wp\/v2\/users\/1"}],"replies":[{"embeddable":true,"href":"http:\/\/www.elenacabrera.com\/weblog3\/wp-json\/wp\/v2\/comments?post=2002002878"}],"version-history":[{"count":3,"href":"http:\/\/www.elenacabrera.com\/weblog3\/wp-json\/wp\/v2\/posts\/2002002878\/revisions"}],"predecessor-version":[{"id":2002002882,"href":"http:\/\/www.elenacabrera.com\/weblog3\/wp-json\/wp\/v2\/posts\/2002002878\/revisions\/2002002882"}],"wp:featuredmedia":[{"embeddable":true,"href":"http:\/\/www.elenacabrera.com\/weblog3\/wp-json\/wp\/v2\/media\/2002002879"}],"wp:attachment":[{"href":"http:\/\/www.elenacabrera.com\/weblog3\/wp-json\/wp\/v2\/media?parent=2002002878"}],"wp:term":[{"taxonomy":"category","embeddable":true,"href":"http:\/\/www.elenacabrera.com\/weblog3\/wp-json\/wp\/v2\/categories?post=2002002878"},{"taxonomy":"post_tag","embeddable":true,"href":"http:\/\/www.elenacabrera.com\/weblog3\/wp-json\/wp\/v2\/tags?post=2002002878"}],"curies":[{"name":"wp","href":"https:\/\/api.w.org\/{rel}","templated":true}]}}