{"id":2002002883,"date":"2019-09-10T12:03:05","date_gmt":"2019-09-10T10:03:05","guid":{"rendered":"http:\/\/www.elenacabrera.com\/weblog\/?p=2002002883"},"modified":"2019-09-10T12:03:11","modified_gmt":"2019-09-10T10:03:11","slug":"la-revancha-vecinal-aquelarre-en-aravaca","status":"publish","type":"post","link":"http:\/\/www.elenacabrera.com\/weblog3\/2019\/09\/10\/la-revancha-vecinal-aquelarre-en-aravaca\/","title":{"rendered":"La revancha vecinal: aquelarre en Aravaca"},"content":{"rendered":"\n<h3 class=\"wp-block-heading\">Los Pastor preparan la revancha contra la censura en Aravaca                 <\/h3>\n\n\n\n<p><strong>Pedro Pastor y su padre Luis<\/strong> dar\u00e1n sendos conciertos en  un Aravaca en fiestas. No es lo que estaba previsto, pero suceder\u00e1 a la misma hora y a unos 750 metros del lugar reservado para la actuaci\u00f3n de honor de los festejos, la que pone el broche final el domingo por la  noche.<\/p>\n\n\n\n<p>No ser\u00e1n dos conciertos, tal y como la Comisi\u00f3n de Fiestas de la Junta de Distrito los hab\u00eda planificado. Ser\u00e1n mucho  m\u00e1s cortos y el sonido no sonar\u00e1, necesariamente, tan profesional. Nada  de eso importa ya: la t\u00e9cnica pasa a un segundo plano cuando la movilizaci\u00f3n entra en juego. El evento ser\u00e1 un acto de apoyo,<strong> una concentraci\u00f3n de personas molestas o preocupadas por la anulaci\u00f3n de esas dos actuaciones<\/strong> y, en general, por lo que interpretan que esta cancelaci\u00f3n significa. Contar\u00e1 con un escenario por el que pasar\u00e1n estos dos artistas, pero tambi\u00e9n muchos otros, como Rozal\u00e9n, Ismael Serrano y Los Fesser, el grupo que fue llamado a sustituir a los Pastor en un primer momento y que declin\u00f3 la oferta.<\/p>\n\n\n\n<p style=\"text-align:right\"><a rel=\"noreferrer noopener\" aria-label=\"...Sigue leyendo en eldiario.es (abre en una nueva pesta\u00f1a)\" href=\"https:\/\/www.eldiario.es\/cultura\/Pastor-preparan-revancha-censura-Aravaca_0_939306816.html\" target=\"_blank\">&#8230;Sigue leyendo en eldiario.es<\/a><\/p>\n\n\n\n<h3 class=\"wp-block-heading\">Aquelarre vecinal en Aravaca<\/h3>\n\n\n\n<p>No fue hasta que la noche empez\u00f3 a comerse a la tarde\u00a0cuando la fiesta se apropi\u00f3, con alegr\u00eda, del concepto de aquelarre. Mientras <a href=\"https:\/\/www.europapress.es\/madrid\/noticia-almeida-pide-respeto-concierto-pastor-criterios-artisticos-ayuntamiento-frente-aquelarres-20190908135708.html\">la noticia saltaba de pantalla en pantalla<\/a>, la palabra salpic\u00f3 el escenario. Horas antes, el alcalde de Madrid,<strong> Jos\u00e9 Luis Mart\u00ednez-Almeida<\/strong>, hab\u00eda alertado del \u00abaquelarre que pretende montar la izquierda esta noche en el distrito de Aravaca\u00bb. El acto, un festival de m\u00e1s de cinco horas de m\u00fasica y poes\u00eda, <strong>organizado por dos peque\u00f1as asociaciones vecinales<\/strong> y con los conciertos de Pedro Pastor y Luis Pastor como platos fuertes, era para el jefe del consistorio un  \u00abespacio de confrontaci\u00f3n\u00bb.<\/p>\n\n\n\n<p><strong>Luis Pastor<\/strong>, francotirador  de la canci\u00f3n comprometida desde 1972 y siguiendo, explica a eldiario.es al bajar del escenario a las once y media de la noche qu\u00e9 ha  sido para \u00e9l ese \u00abaquelarre\u00bb: \u00abUn acto de ciudadan\u00eda, de democracia, una demostraci\u00f3n de que la censura no va a acabar con la poes\u00eda, con la palabra, con la actitud reivindicativa, solidaria y generosa\u00bb. Habla a la grabadora pero mira m\u00e1s all\u00e1: \u00ab<strong>La cultura est\u00e1 por encima de ustedes, se\u00f1ores, de sus ideolog\u00edas, sean de izquierdas o de derechas<\/strong>. Vayan  aprendiendo\u00bb.<\/p>\n\n\n\n<p>Rebobinemos, por favor.&nbsp;<a href=\"https:\/\/www.eldiario.es\/cultura\/Pastor-preparan-revancha-censura-Aravaca_0_939306816.html\">Ya lo hemos contado<\/a>\n pero no est\u00e1 de m\u00e1s recordarlo. Este verano, la empresa adjudicataria \nde la organizaci\u00f3n de las fiestas de Aravaca recibe la orden del \nAyuntamiento de Madrid de alterar la programaci\u00f3n musical prevista y \nacordada en la Comisi\u00f3n de Fiestas de la Junta de Distrito. Se trata de \nlas actuaciones de Pedro Pastor y los&nbsp;Locos Descalzos y de Luis Pastor. \nLa productora ya hab\u00eda firmado las contrataciones y se ve obligada a \nromper los contratos e indemnizar a los artistas. <a href=\"https:\/\/www.eldiario.es\/cultura\/musica\/Ayuntamiento-Madrid-Luis-Pastor-Aravaca_0_926358076.html\">Pedro Pastor lo califica de censura<\/a>.\n El Ayuntamiento dice que el criterio es musical, que es necesario darle\n \u00abotro aire\u00bb al cartel para que un p\u00fablico m\u00e1s amplio se sienta \nrepresentado.<\/p>\n\n\n\n<p>Atenci\u00f3n, <em>spoiler<\/em>: al acto  reivindicativo han acudido \u2014al tanteo y por lo alto\u2014 unas tres mil  personas; al concierto de Team D\u2019Luxe, grupo escogido para sustituir a  los Pastor, que se celebraba al mismo tiempo en el Recinto Ferial, unas pocas y desangeladas decenas.<\/p>\n\n\n\n<p style=\"text-align:right\"><a rel=\"noreferrer noopener\" aria-label=\"...Sigue leyendo en eldiario.es (abre en una nueva pesta\u00f1a)\" href=\"https:\/\/www.eldiario.es\/cultura\/Aquelarre-vecinal-Aravaca_0_940355975.html\" target=\"_blank\"><em>&#8230;Sigue leyendo en eldiario.es<\/em><\/a><\/p>\n","protected":false},"excerpt":{"rendered":"<p>Los Pastor preparan la revancha contra la censura en Aravaca Pedro Pastor y su padre Luis dar\u00e1n sendos conciertos en un Aravaca en fiestas. No es lo que estaba previsto, pero suceder\u00e1 a la misma hora y a unos 750 metros del lugar reservado para la actuaci\u00f3n de honor de los festejos, la que pone [&hellip;]<\/p>\n","protected":false},"author":1,"featured_media":2002002884,"comment_status":"closed","ping_status":"closed","sticky":false,"template":"","format":"standard","meta":{"footnotes":""},"categories":[],"tags":[],"class_list":["post-2002002883","post","type-post","status-publish","format-standard","has-post-thumbnail","hentry"],"_links":{"self":[{"href":"http:\/\/www.elenacabrera.com\/weblog3\/wp-json\/wp\/v2\/posts\/2002002883","targetHints":{"allow":["GET"]}}],"collection":[{"href":"http:\/\/www.elenacabrera.com\/weblog3\/wp-json\/wp\/v2\/posts"}],"about":[{"href":"http:\/\/www.elenacabrera.com\/weblog3\/wp-json\/wp\/v2\/types\/post"}],"author":[{"embeddable":true,"href":"http:\/\/www.elenacabrera.com\/weblog3\/wp-json\/wp\/v2\/users\/1"}],"replies":[{"embeddable":true,"href":"http:\/\/www.elenacabrera.com\/weblog3\/wp-json\/wp\/v2\/comments?post=2002002883"}],"version-history":[{"count":1,"href":"http:\/\/www.elenacabrera.com\/weblog3\/wp-json\/wp\/v2\/posts\/2002002883\/revisions"}],"predecessor-version":[{"id":2002002885,"href":"http:\/\/www.elenacabrera.com\/weblog3\/wp-json\/wp\/v2\/posts\/2002002883\/revisions\/2002002885"}],"wp:featuredmedia":[{"embeddable":true,"href":"http:\/\/www.elenacabrera.com\/weblog3\/wp-json\/wp\/v2\/media\/2002002884"}],"wp:attachment":[{"href":"http:\/\/www.elenacabrera.com\/weblog3\/wp-json\/wp\/v2\/media?parent=2002002883"}],"wp:term":[{"taxonomy":"category","embeddable":true,"href":"http:\/\/www.elenacabrera.com\/weblog3\/wp-json\/wp\/v2\/categories?post=2002002883"},{"taxonomy":"post_tag","embeddable":true,"href":"http:\/\/www.elenacabrera.com\/weblog3\/wp-json\/wp\/v2\/tags?post=2002002883"}],"curies":[{"name":"wp","href":"https:\/\/api.w.org\/{rel}","templated":true}]}}