{"id":2002002887,"date":"2019-09-11T10:13:32","date_gmt":"2019-09-11T08:13:32","guid":{"rendered":"http:\/\/www.elenacabrera.com\/weblog\/?p=2002002887"},"modified":"2019-09-11T10:13:33","modified_gmt":"2019-09-11T08:13:33","slug":"irse-de-casa","status":"publish","type":"post","link":"http:\/\/www.elenacabrera.com\/weblog3\/2019\/09\/11\/irse-de-casa\/","title":{"rendered":"Irse de casa"},"content":{"rendered":"\n<p>Cuando Paco se fue de casa, su madre le regal\u00f3 \u20181080  recetas de cocina\u2019 de Simone Ortega. La edici\u00f3n blanca. Veinte a\u00f1os  despu\u00e9s, Paco compr\u00f3 para su hija Marina una copia del mismo libro, edici\u00f3n azul, con una foto en la portada que contiene un ejemplar de la vieja edici\u00f3n blanca servido sobre un plato. En la portada del libro y en el gesto de Paco hay <strong>un gui\u00f1o a la continuidad del saber popular, del cari\u00f1o y del cuidado<\/strong> canalizado a trav\u00e9s de la cocina. <a href=\"http:\/\/www.doctormuerte.com\/simone-ortega\/\">Cuando Simone Ortega muri\u00f3<\/a>, Paco escribi\u00f3 en su blog que, cuando se fue de casa, aunque su madre no  le escribi\u00f3 una dedicatoria, lo que le quer\u00eda decir con este regalo es: \u00abNo me puedo ir contigo, pero te doy este libro para cuidarte bien\u00bb.<\/p>\n\n\n\n<p>Marina,  como su padre, piensa que la receta de Simone Ortega para hacer las  tortitas es \u00abinfalible\u00bb. <strong>La cocina y la m\u00fasica<\/strong> acompa\u00f1an la historia de  esta familia que vive en Villarrobledo y est\u00e1 formada tambi\u00e9n por Juli,  la pareja de Paco, y el hijo menor de estos, Pablo. Marina, m\u00fasica  profesional, tiene 21 a\u00f1os y se fue de casa con 17. Pablo, que cumplir\u00e1  18 en noviembre, est\u00e1 a punto de irse para el inicio del curso en Albacete. Juli y Paco se quedan solos. Habr\u00e1 un silencio nuevo,  habitaciones vac\u00edas, responsabilidad a distancia. Podr\u00e1n dedicarse m\u00e1s,  admiten con alegr\u00eda y rubor, a la cocina y a la m\u00fasica.<\/p>\n\n\n\n<p style=\"text-align:right\"><em><a href=\"https:\/\/www.eldiario.es\/nidos\/Irse-casa_0_940356616.html\" target=\"_blank\" rel=\"noreferrer noopener\" aria-label=\"...Sigue leyendo en eldiario.es (abre en una nueva pesta\u00f1a)\">&#8230;Sigue leyendo en eldiario.es<\/a><\/em><\/p>\n","protected":false},"excerpt":{"rendered":"<p>Cuando Paco se fue de casa, su madre le regal\u00f3 \u20181080 recetas de cocina\u2019 de Simone Ortega. La edici\u00f3n blanca. Veinte a\u00f1os despu\u00e9s, Paco compr\u00f3 para su hija Marina una copia del mismo libro, edici\u00f3n azul, con una foto en la portada que contiene un ejemplar de la vieja edici\u00f3n blanca servido sobre un plato. [&hellip;]<\/p>\n","protected":false},"author":1,"featured_media":2002002888,"comment_status":"closed","ping_status":"closed","sticky":false,"template":"","format":"standard","meta":{"footnotes":""},"categories":[],"tags":[],"class_list":["post-2002002887","post","type-post","status-publish","format-standard","has-post-thumbnail","hentry"],"_links":{"self":[{"href":"http:\/\/www.elenacabrera.com\/weblog3\/wp-json\/wp\/v2\/posts\/2002002887","targetHints":{"allow":["GET"]}}],"collection":[{"href":"http:\/\/www.elenacabrera.com\/weblog3\/wp-json\/wp\/v2\/posts"}],"about":[{"href":"http:\/\/www.elenacabrera.com\/weblog3\/wp-json\/wp\/v2\/types\/post"}],"author":[{"embeddable":true,"href":"http:\/\/www.elenacabrera.com\/weblog3\/wp-json\/wp\/v2\/users\/1"}],"replies":[{"embeddable":true,"href":"http:\/\/www.elenacabrera.com\/weblog3\/wp-json\/wp\/v2\/comments?post=2002002887"}],"version-history":[{"count":1,"href":"http:\/\/www.elenacabrera.com\/weblog3\/wp-json\/wp\/v2\/posts\/2002002887\/revisions"}],"predecessor-version":[{"id":2002002889,"href":"http:\/\/www.elenacabrera.com\/weblog3\/wp-json\/wp\/v2\/posts\/2002002887\/revisions\/2002002889"}],"wp:featuredmedia":[{"embeddable":true,"href":"http:\/\/www.elenacabrera.com\/weblog3\/wp-json\/wp\/v2\/media\/2002002888"}],"wp:attachment":[{"href":"http:\/\/www.elenacabrera.com\/weblog3\/wp-json\/wp\/v2\/media?parent=2002002887"}],"wp:term":[{"taxonomy":"category","embeddable":true,"href":"http:\/\/www.elenacabrera.com\/weblog3\/wp-json\/wp\/v2\/categories?post=2002002887"},{"taxonomy":"post_tag","embeddable":true,"href":"http:\/\/www.elenacabrera.com\/weblog3\/wp-json\/wp\/v2\/tags?post=2002002887"}],"curies":[{"name":"wp","href":"https:\/\/api.w.org\/{rel}","templated":true}]}}