{"id":2002002890,"date":"2019-09-16T12:12:02","date_gmt":"2019-09-16T10:12:02","guid":{"rendered":"http:\/\/www.elenacabrera.com\/weblog\/?p=2002002890"},"modified":"2019-09-16T12:12:04","modified_gmt":"2019-09-16T10:12:04","slug":"el-indie","status":"publish","type":"post","link":"http:\/\/www.elenacabrera.com\/weblog3\/2019\/09\/16\/el-indie\/","title":{"rendered":"El indie"},"content":{"rendered":"\n<p>Me fascina la persistencia del sonido indie pop en una parte de la escena juvenil musical actual. Me fascina porque no lo entiendo (signo inequ\u00edvoco de que me he hecho mayor). No lo entend\u00ed hace diez a\u00f1os y tampoco ahora. Admito que hay algo personal aqu\u00ed, <strong>un camino que no quiero desandar<\/strong>. <\/p>\n\n\n\n<p>En el <a rel=\"noreferrer noopener\" aria-label=\"\u00faltimo Directo Salvaje (abre en una nueva pesta\u00f1a)\" href=\"https:\/\/www.m21radio.es\/podcast\/directo-salvaje\/directo-salvaje-13092019\" target=\"_blank\">\u00faltimo <\/a><strong><a rel=\"noreferrer noopener\" aria-label=\"\u00faltimo Directo Salvaje (abre en una nueva pesta\u00f1a)\" href=\"https:\/\/www.m21radio.es\/podcast\/directo-salvaje\/directo-salvaje-13092019\" target=\"_blank\">Directo Salvaje<\/a><\/strong> me sent\u00ed idiota porque entrevist\u00e9 a Nacho, que hab\u00eda venido como p\u00fablico fan de <strong>Espiritusanto<\/strong>. <strong>Nacho<\/strong> es del grupo madrile\u00f1o <strong>Tiger &amp; Milk<\/strong> (entiendo que por una alusi\u00f3n al primer disco de Belle &amp; Sebastian). Su <a href=\"https:\/\/tigerandmilk.bandcamp.com\/\">p\u00e1gina de Bandcamp est\u00e1 llena de portadas<\/a>, pero yo no los conoc\u00eda; por eso me sent\u00ed idiota. Nacho me explic\u00f3 que su grupo pertenece a la misma hornada que Espiritusanto, me dijo: \u00abhace 9 o 10 a\u00f1os cuando empez\u00e1bamos a tocar, hacia 2008, 09 y 10, empezamos a salir <strong>Espiritusanto, Capit\u00e1n Sunrise, Hazte Lap\u00f3n, Alborotador Gomasio&#8230;<\/strong>, para m\u00ed son grupos con los que he compartido un mont\u00f3n de escenarios y que mola mucho que sigan haciendo canciones porque yo lo estoy haciendo. Hay veces que dicen \u00bfqu\u00e9 paso con aquella generaci\u00f3n? Pues esa generaci\u00f3n entras en Spotify y ves que siguen haciendo grandes canciones\u00bb. <\/p>\n\n\n\n<p>En esa \u00e9poca yo estaba mirando a otro sitio, con unos intereses musicales radicalmente opuestos, y el surgimiento de estos grupos de pop costumbrista, hijos de La Buena Vida, me resultaba ajeno y extra\u00f1o. Y a d\u00eda de hoy me cuesta valorar si es una generaci\u00f3n a la que no se le ha prestado demasiada atenci\u00f3n o si esa es una percepci\u00f3n fruto de mi desatenci\u00f3n. Pero hay algo en el comentario de Nacho que me hace pensar si acaso hay algo de las dos cosas, ese \u00abqu\u00e9 pas\u00f3 con\u00bb, cuando estamos hablando de grupos que en su gran mayor\u00eda siguen en activo. <\/p>\n\n\n\n<p>Lo curioso es que en el Directo Salvaje del viernes ya hab\u00eda una representaci\u00f3n de la siguiente generaci\u00f3n, un grupo reci\u00e9n formado y con diez a\u00f1os menos que los componentes de Espiritusanto. Eran <strong>C.a.r.r.e.r.a<\/strong>, un grupo que a\u00fan no ha publicado ni una canci\u00f3n y que estaban all\u00ed dando su segundo concierto. A C.a.r.r.e.r.a los entiendo m\u00e1s, claramente porque beben de unas influencias m\u00e1s cercanas a las m\u00edas: Jesus &amp; Mary Chain, Sonic Youth, Joy Division. Y a\u00fan as\u00ed no los comprendo del todo, porque, durante el concierto, me ven\u00edan a la cabeza flashes de actuaciones de grupos al principio de los 90, muchos de ellos en el mismo escenario de la sala El Sol que ellos ocupaban en ese instante. Me acord\u00e9 de Manta Ray, de Kebrantas, del Inquilino Comunista, de Lord Sickness, de Yellow Finn, de Eliminator Jr&#8230;<\/p>\n\n\n\n<p>M\u00e1s all\u00e1 de que me guste o no me guste, mi desconcierto viene de no ver el avance, de sentir que el tiempo se ha detenido.<\/p>\n\n\n\n<p>Al menos en esta escena en particular.<\/p>\n\n\n\n<figure><iframe loading=\"lazy\" src=\"https:\/\/www.m21radio.es\/podcast\/directo-salvaje\/directo-salvaje-13092019?output=embed\" allowfullscreen=\"\" width=\"100%\" height=\"330\"><\/iframe><\/figure>\n","protected":false},"excerpt":{"rendered":"<p>Me fascina la persistencia del sonido indie pop en una parte de la escena juvenil musical actual. Me fascina porque no lo entiendo, est\u00e1 claro que me hago mayor.<\/p>\n","protected":false},"author":1,"featured_media":2002002891,"comment_status":"closed","ping_status":"closed","sticky":false,"template":"","format":"standard","meta":{"footnotes":""},"categories":[3],"tags":[],"class_list":["post-2002002890","post","type-post","status-publish","format-standard","has-post-thumbnail","hentry","category-twentytwentyfive"],"_links":{"self":[{"href":"http:\/\/www.elenacabrera.com\/weblog3\/wp-json\/wp\/v2\/posts\/2002002890","targetHints":{"allow":["GET"]}}],"collection":[{"href":"http:\/\/www.elenacabrera.com\/weblog3\/wp-json\/wp\/v2\/posts"}],"about":[{"href":"http:\/\/www.elenacabrera.com\/weblog3\/wp-json\/wp\/v2\/types\/post"}],"author":[{"embeddable":true,"href":"http:\/\/www.elenacabrera.com\/weblog3\/wp-json\/wp\/v2\/users\/1"}],"replies":[{"embeddable":true,"href":"http:\/\/www.elenacabrera.com\/weblog3\/wp-json\/wp\/v2\/comments?post=2002002890"}],"version-history":[{"count":1,"href":"http:\/\/www.elenacabrera.com\/weblog3\/wp-json\/wp\/v2\/posts\/2002002890\/revisions"}],"predecessor-version":[{"id":2002002892,"href":"http:\/\/www.elenacabrera.com\/weblog3\/wp-json\/wp\/v2\/posts\/2002002890\/revisions\/2002002892"}],"wp:featuredmedia":[{"embeddable":true,"href":"http:\/\/www.elenacabrera.com\/weblog3\/wp-json\/wp\/v2\/media\/2002002891"}],"wp:attachment":[{"href":"http:\/\/www.elenacabrera.com\/weblog3\/wp-json\/wp\/v2\/media?parent=2002002890"}],"wp:term":[{"taxonomy":"category","embeddable":true,"href":"http:\/\/www.elenacabrera.com\/weblog3\/wp-json\/wp\/v2\/categories?post=2002002890"},{"taxonomy":"post_tag","embeddable":true,"href":"http:\/\/www.elenacabrera.com\/weblog3\/wp-json\/wp\/v2\/tags?post=2002002890"}],"curies":[{"name":"wp","href":"https:\/\/api.w.org\/{rel}","templated":true}]}}