{"id":2002002901,"date":"2019-09-17T12:23:55","date_gmt":"2019-09-17T10:23:55","guid":{"rendered":"http:\/\/www.elenacabrera.com\/weblog\/?p=2002002901"},"modified":"2019-09-17T12:23:56","modified_gmt":"2019-09-17T10:23:56","slug":"ni-tontos-ni-locos-ni-salvajes","status":"publish","type":"post","link":"http:\/\/www.elenacabrera.com\/weblog3\/2019\/09\/17\/ni-tontos-ni-locos-ni-salvajes\/","title":{"rendered":"Ni tontos, ni locos ni salvajes"},"content":{"rendered":"\n<p>El <a href=\"https:\/\/www.youtube.com\/watch?v=lDN9FyILDN8\">v\u00eddeo de Xabier Alconero<\/a> hizo llorar a <strong>Eva<\/strong>. No porque fuera triste o melodram\u00e1tico, sino por todo lo contrario. Vio a su hijo <strong>Pedro<\/strong> (nombre ficticio) reflejado en \u00e9l y se sinti\u00f3 conmovida, como muchos otros espectadores de esos diez minutos de testimonio, por la  mirada directa y tranquila, la voz serena, la raz\u00f3n sin furia, aplastante y evidente, de <strong>Xabier Alconero<\/strong>. Eva mir\u00f3 el video y pens\u00f3 que la infancia arruinada de Xabier podr\u00eda haber sido la de su hijo de 11 a\u00f1os, si no le hubieran pillado a tiempo.<\/p>\n\n\n\n<p>Alconero es una persona inquieta. Es curioso c\u00f3mo la connotaci\u00f3n de esa palabra es negativa cuando se aplica a los menores pero inequ\u00edvocamente positiva  para hablar de la vida profesional. Cuando ten\u00eda 22 a\u00f1os, cre\u00f3 una  empresa de fiestas universitarias llamada<em> Disaster Party<\/em> que le hizo ganar dinero y fama. Un diario de tirada nacional le hizo  un reportaje fotogr\u00e1fico sujetando una copa de cava y abandonando la entrevista a toda prisa para acudir al siguiente compromiso de su agenda. Alconero es un artista, un creativo; hace grabados en su propio  taller y es realizador audiovisual. Su primer corto, <em>El redil de los cobardes<\/em>, ha sido premiado, pero no habr\u00e1 sido tan visto como el v\u00eddeo que le gust\u00f3 a Eva, titulado <em>Experiencia de una persona con TDAH.<\/em><\/p>\n\n\n\n<p>TDAH son las siglas para Trastorno del D\u00e9ficit de Atenci\u00f3n e Hiperactividad, pero quiz\u00e1 no hac\u00eda falta explicarlo porque, como dice la madre de Pedro y coinciden los expertos, <strong>\u00abel TDAH est\u00e1 de moda\u00bb<\/strong>. En su v\u00cddeo, Xabier cuenta c\u00f3mo fue su infancia y adolescencia con un TDAH sin diagnosticar, la de un chaval incomprendido y vapuleado por el sistema educativo. \u00abHay ni\u00f1os \u2014dice a c\u00e1mara\u2014 que por sus cualidades podr\u00edan ser fil\u00f3sofos o inventores o artistas y acaban siendo drogadictos o delincuentes, podr\u00edan ser felices y acaban siendo infelices, destruyendo y destruy\u00e9ndose en lugar de aportar, cuando podr\u00edan aportar much\u00edsimo, por culpa de un sistema incapaz de encauzar y de estimular adecuadamente. Yo sal\u00ed de ah\u00ed porque tengo buen fondo y soy un luchador, me vi tan abajo cuando sal\u00ed del ingreso psiqui\u00e1trico que decid\u00ed que no iban a poder conmigo y que aquello iba a cambiar\u00bb.<\/p>\n\n\n\n<p style=\"text-align:right\"><em><a href=\"https:\/\/www.eldiario.es\/nidos\/tontos-locos-salvajes-ninos-TDAH_0_937906416.html\" target=\"_blank\" rel=\"noreferrer noopener\" aria-label=\"...sigue leyendo en eldiario.es (abre en una nueva pesta\u00f1a)\">&#8230;sigue leyendo en eldiario.es<\/a><\/em><\/p>\n","protected":false},"excerpt":{"rendered":"<p>El v\u00eddeo de Xabier Alconero hizo llorar a Eva. No porque fuera triste o melodram\u00e1tico, sino por todo lo contrario. Vio a su hijo Pedro (nombre ficticio) reflejado en \u00e9l y se sinti\u00f3 conmovida, como muchos otros espectadores de esos diez minutos de testimonio, por la mirada directa y tranquila, la voz serena, la raz\u00f3n [&hellip;]<\/p>\n","protected":false},"author":1,"featured_media":2002002902,"comment_status":"closed","ping_status":"closed","sticky":false,"template":"","format":"standard","meta":{"footnotes":""},"categories":[],"tags":[],"class_list":["post-2002002901","post","type-post","status-publish","format-standard","has-post-thumbnail","hentry"],"_links":{"self":[{"href":"http:\/\/www.elenacabrera.com\/weblog3\/wp-json\/wp\/v2\/posts\/2002002901","targetHints":{"allow":["GET"]}}],"collection":[{"href":"http:\/\/www.elenacabrera.com\/weblog3\/wp-json\/wp\/v2\/posts"}],"about":[{"href":"http:\/\/www.elenacabrera.com\/weblog3\/wp-json\/wp\/v2\/types\/post"}],"author":[{"embeddable":true,"href":"http:\/\/www.elenacabrera.com\/weblog3\/wp-json\/wp\/v2\/users\/1"}],"replies":[{"embeddable":true,"href":"http:\/\/www.elenacabrera.com\/weblog3\/wp-json\/wp\/v2\/comments?post=2002002901"}],"version-history":[{"count":1,"href":"http:\/\/www.elenacabrera.com\/weblog3\/wp-json\/wp\/v2\/posts\/2002002901\/revisions"}],"predecessor-version":[{"id":2002002903,"href":"http:\/\/www.elenacabrera.com\/weblog3\/wp-json\/wp\/v2\/posts\/2002002901\/revisions\/2002002903"}],"wp:featuredmedia":[{"embeddable":true,"href":"http:\/\/www.elenacabrera.com\/weblog3\/wp-json\/wp\/v2\/media\/2002002902"}],"wp:attachment":[{"href":"http:\/\/www.elenacabrera.com\/weblog3\/wp-json\/wp\/v2\/media?parent=2002002901"}],"wp:term":[{"taxonomy":"category","embeddable":true,"href":"http:\/\/www.elenacabrera.com\/weblog3\/wp-json\/wp\/v2\/categories?post=2002002901"},{"taxonomy":"post_tag","embeddable":true,"href":"http:\/\/www.elenacabrera.com\/weblog3\/wp-json\/wp\/v2\/tags?post=2002002901"}],"curies":[{"name":"wp","href":"https:\/\/api.w.org\/{rel}","templated":true}]}}