{"id":2002002904,"date":"2019-09-18T02:12:06","date_gmt":"2019-09-18T00:12:06","guid":{"rendered":"http:\/\/www.elenacabrera.com\/weblog\/?p=2002002904"},"modified":"2019-09-17T23:26:42","modified_gmt":"2019-09-17T21:26:42","slug":"el-camino-sin-retorno-de-ascension-mendieta","status":"publish","type":"post","link":"http:\/\/www.elenacabrera.com\/weblog3\/2019\/09\/18\/el-camino-sin-retorno-de-ascension-mendieta\/","title":{"rendered":"El camino sin retorno de Ascensi\u00f3n Mendieta"},"content":{"rendered":"\n<p>Delante del hueco aladrillado de la tumba de Ascensi\u00f3n Mendieta, <strong>Francisco Vargas Mendieta<\/strong> condens\u00f3 la vida de su madre en un minuto. Dijo que si es verdad lo que dicen, Ascensi\u00f3n habr\u00eda visto pasar todo aquello que \u00e9l se dispuso a recordar, un minuto antes de morir.<\/p>\n\n\n\n<p>Los flashes que agitar\u00edan su memoria comenzaban en una ni\u00f1ez junto a seis hermanos, sorprendida por la guerra. Al finalizar esta, abre la puerta a los verdugos de su padre. Se va de Saced\u00f3n (Guadalajara) a Madrid y all\u00ed duerme en una habitaci\u00f3n con diez personas. Se hace sastra. <strong>Tiene unas manos magn\u00edficas, dice Francisco<\/strong>. Conoce el amor de su vida. Tiene cuatro hijos. \u201cTodos estos momentos \u2014dice su hijo\u2014 que ella va recuperando en tan corto espacio de tiempo, son motivos de felicidad para ella\u201d. Pero, quitando eso, queda el dolor. \u201c<strong>Siempre ha tenido el dolor<\/strong>, incluso en los \u00faltimos d\u00edas que hemos estado con ella en el hospital, siempre recordaba a su padre, no s\u00e9 c\u00f3mo decirlo, era como un c\u00e1ncer que la estaba carcomiendo desde que ten\u00eda 13 a\u00f1os\u201d. En el Cementerio Civil de La Almudena (Madrid), <strong>se han congregado varias docenas de personas para presenciar su entierro<\/strong>. Est\u00e1n reunidas alrededor de Francisco y otros miembros de la familia. Algunos de ellos ya hab\u00edan estado all\u00ed, en ese preciso lugar, junto a Ascensi\u00f3n, en <a href=\"https:\/\/www.eldiario.es\/sociedad\/FOTOS-despedido-Timoteo-Mendieta_12_660853910.html\">el entierro de su padre Timoteo Mendieta<\/a>, el 2 de julio de 2017. Timoteo fue asesinado el 15 de noviembre de 1939, tras volver a su pueblo tras combatir en la guerra. <strong>Fue la represalia que los vencedores ejercieron sobre \u00e9l por defender la Rep\u00fablica<\/strong>. Este martes 17 de septiembre, pasadas las cinco de la tarde, se cumple el deseo de Ascensi\u00f3n de ser enterrada junto a \u00e9l.<\/p>\n\n\n\n<p style=\"text-align:right\"><em><a href=\"https:\/\/www.eldiario.es\/sociedad\/retorno-Ascension-Mendieta-Madrid-luchadora_0_943156690.html\" target=\"_blank\" rel=\"noreferrer noopener\" aria-label=\"...Sigue leyendo en eldiario.es (abre en una nueva pesta\u00f1a)\">&#8230;Sigue leyendo en eldiario.es<\/a><\/em><\/p>\n","protected":false},"excerpt":{"rendered":"<p>Delante del hueco aladrillado de la tumba de Ascensi\u00f3n Mendieta, Francisco Vargas Mendieta condens\u00f3 la vida de su madre en un minuto. Dijo que si es verdad lo que dicen, Ascensi\u00f3n habr\u00eda visto pasar todo aquello que \u00e9l se dispuso a recordar, un minuto antes de morir. Los flashes que agitar\u00edan su memoria comenzaban en [&hellip;]<\/p>\n","protected":false},"author":1,"featured_media":2002002905,"comment_status":"closed","ping_status":"closed","sticky":false,"template":"","format":"standard","meta":{"footnotes":""},"categories":[],"tags":[],"class_list":["post-2002002904","post","type-post","status-publish","format-standard","has-post-thumbnail","hentry"],"_links":{"self":[{"href":"http:\/\/www.elenacabrera.com\/weblog3\/wp-json\/wp\/v2\/posts\/2002002904","targetHints":{"allow":["GET"]}}],"collection":[{"href":"http:\/\/www.elenacabrera.com\/weblog3\/wp-json\/wp\/v2\/posts"}],"about":[{"href":"http:\/\/www.elenacabrera.com\/weblog3\/wp-json\/wp\/v2\/types\/post"}],"author":[{"embeddable":true,"href":"http:\/\/www.elenacabrera.com\/weblog3\/wp-json\/wp\/v2\/users\/1"}],"replies":[{"embeddable":true,"href":"http:\/\/www.elenacabrera.com\/weblog3\/wp-json\/wp\/v2\/comments?post=2002002904"}],"version-history":[{"count":1,"href":"http:\/\/www.elenacabrera.com\/weblog3\/wp-json\/wp\/v2\/posts\/2002002904\/revisions"}],"predecessor-version":[{"id":2002002906,"href":"http:\/\/www.elenacabrera.com\/weblog3\/wp-json\/wp\/v2\/posts\/2002002904\/revisions\/2002002906"}],"wp:featuredmedia":[{"embeddable":true,"href":"http:\/\/www.elenacabrera.com\/weblog3\/wp-json\/wp\/v2\/media\/2002002905"}],"wp:attachment":[{"href":"http:\/\/www.elenacabrera.com\/weblog3\/wp-json\/wp\/v2\/media?parent=2002002904"}],"wp:term":[{"taxonomy":"category","embeddable":true,"href":"http:\/\/www.elenacabrera.com\/weblog3\/wp-json\/wp\/v2\/categories?post=2002002904"},{"taxonomy":"post_tag","embeddable":true,"href":"http:\/\/www.elenacabrera.com\/weblog3\/wp-json\/wp\/v2\/tags?post=2002002904"}],"curies":[{"name":"wp","href":"https:\/\/api.w.org\/{rel}","templated":true}]}}