{"id":2002002907,"date":"2019-09-18T12:28:10","date_gmt":"2019-09-18T10:28:10","guid":{"rendered":"http:\/\/www.elenacabrera.com\/weblog\/?p=2002002907"},"modified":"2019-09-18T14:04:38","modified_gmt":"2019-09-18T12:04:38","slug":"bemoles","status":"publish","type":"post","link":"http:\/\/www.elenacabrera.com\/weblog3\/2019\/09\/18\/bemoles\/","title":{"rendered":"Bemoles"},"content":{"rendered":"\n<p>Estoy cansada de Pedro S\u00e1nchez. Hart\u00edsima de su arrogancia. Hasta el mo\u00f1o. <strong>Gabriel Rufi\u00e1n tiene raz\u00f3n<\/strong>: <a href=\"https:\/\/www.dailymotion.com\/video\/x7lc43s\">hasta los bemoles<\/a>. Tambi\u00e9n del Psoe y de la pol\u00edtica en general. Son unos incompetentes. Ya no me interesan, me dan igual. Hay que mirar a otro lado, donde est\u00e9 la verdadera pol\u00edtica. No a ese circo de los partidos pol\u00edticos y sus pulsos de poder. Qu\u00e9 p\u00e9rdida de tiempo, de esfuerzo y de dinero.<\/p>\n\n\n\n<p><a rel=\"noreferrer noopener\" aria-label=\"Prefiero fijarme en Ascensi\u00f3n Mendieta (abre en una nueva pesta\u00f1a)\" href=\"https:\/\/www.eldiario.es\/sociedad\/retorno-Ascension-Mendieta-Madrid-luchadora_0_943156690.html\" target=\"_blank\">Prefiero fijarme en <strong>Ascensi\u00f3n Mendieta<\/strong><\/a>: su manera de mirar y de hablar, su mensaje hacia el futuro (hay que seguir excavando), su ejemplo (querer ser como ella si llego a los 93 a\u00f1os).<\/p>\n\n\n\n<p>Prefiero descubrir nuevos grupos de m\u00fasica. Emocionarme con eso. <a rel=\"noreferrer noopener\" aria-label=\"Hablar con ellos (abre en una nueva pesta\u00f1a)\" href=\"http:\/\/www.elenacabrera.com\/weblog\/directo-salvaje-con-espiritusanto-y-c-a-r-r-e-r-a\/\" target=\"_blank\">Hablar con ellos<\/a>. Ir a conciertos. Pinchar <strong>canciones de coldwave<\/strong> por la noche (<a rel=\"noreferrer noopener\" aria-label=\"28 de septiembre en el Traschcan tras el concierto de Manta Raya + Stockhaussen + Isotrop\u00eda (abre en una nueva pesta\u00f1a)\" href=\"https:\/\/www.facebook.com\/events\/751133691946984\/\" target=\"_blank\">28 de septiembre en el Traschcan tras el concierto de Marta Raya + Stockhaussen + Isotrop\u00eda<\/a>).<\/p>\n\n\n\n<figure class=\"wp-block-embed-youtube wp-block-embed is-type-video is-provider-youtube wp-embed-aspect-4-3 wp-has-aspect-ratio\"><div class=\"wp-block-embed__wrapper\">\n<iframe loading=\"lazy\" title=\"Sally Dige - &quot;Emptiness&quot; (Official Music Video)\" width=\"500\" height=\"375\" src=\"https:\/\/www.youtube.com\/embed\/hhN_cA48Rfs?feature=oembed\" frameborder=\"0\" allow=\"accelerometer; autoplay; clipboard-write; encrypted-media; gyroscope; picture-in-picture; web-share\" referrerpolicy=\"strict-origin-when-cross-origin\" allowfullscreen><\/iframe>\n<\/div><\/figure>\n\n\n\n<p>Quiero pasarlo genial en el concierto de <strong>Ojete Calor<\/strong> del 8 de noviembre, como siempre, <strong>haciendo el subnopop<\/strong> sin importarme nada m\u00e1s. (\u00a1Ya tengo las entradas!). Quiero desear muy fuerte que venga Bauhaus a tocar a Madrid, y que suceda, o que no. Quiero pasar el domingo poniendo discos en casa. Quiero caminar por Madrid mucho rato con los cascos puestos <strong>escuchando canciones de She Past Away<\/strong>.<\/p>\n\n\n\n<figure class=\"wp-block-image\"><img loading=\"lazy\" decoding=\"async\" width=\"1024\" height=\"768\" src=\"http:\/\/www.elenacabrera.com\/weblog\/wp-content\/uploads\/photo_2019-09-18_12-42-58-1024x768.jpg\" alt=\"en casa\" class=\"wp-image-2002002909\" srcset=\"http:\/\/www.elenacabrera.com\/weblog3\/wp-content\/uploads\/photo_2019-09-18_12-42-58-1024x768.jpg 1024w, http:\/\/www.elenacabrera.com\/weblog3\/wp-content\/uploads\/photo_2019-09-18_12-42-58-300x225.jpg 300w, http:\/\/www.elenacabrera.com\/weblog3\/wp-content\/uploads\/photo_2019-09-18_12-42-58-768x576.jpg 768w, http:\/\/www.elenacabrera.com\/weblog3\/wp-content\/uploads\/photo_2019-09-18_12-42-58-640x480.jpg 640w, http:\/\/www.elenacabrera.com\/weblog3\/wp-content\/uploads\/photo_2019-09-18_12-42-58.jpg 1280w\" sizes=\"auto, (max-width: 1024px) 100vw, 1024px\" \/><figcaption>Paso.<\/figcaption><\/figure>\n\n\n\n<p><strong>Echar la tarde en la <a rel=\"noreferrer noopener\" aria-label=\"Escuela de La Prospe (abre en una nueva pesta\u00f1a)\" href=\"http:\/\/prosperesiste.nodo50.org\/\" target=\"_blank\">Escuela<\/a><\/strong><a rel=\"noreferrer noopener\" aria-label=\"Escuela de La Prospe (abre en una nueva pesta\u00f1a)\" href=\"http:\/\/prosperesiste.nodo50.org\/\" target=\"_blank\"> de La Prospe<\/a>, arrimando el hombro, hablando y escuchando. Estar segura de que eso es una resistencia. Quiz\u00e1 muy muy peque\u00f1a. Insignificante. Pedro S\u00e1nchez la despreciar\u00eda, es m\u00e1s, ser\u00eda invisible a sus ojos.<\/p>\n\n\n\n<p><a href=\"https:\/\/www.m21radio.es\/programas\/directo-salvaje\">Hacer radio<\/a>. <a aria-label=\"Caminar en grupo por el barrio de Prosperidad (abre en una nueva pesta\u00f1a)\" href=\"https:\/\/pobreschavalespodcast.tumblr.com\/\">Grabar podcast.<\/a> Tramar intrigas con Alberto. Jugar con Eleonor, hacer deberes, perseguirla para que lea. Ir a la panader\u00eda con mi talego de tela. No perderme la reuni\u00f3n del AMPA. Intentar aportar algo en el Consejo Escolar. <a rel=\"noreferrer noopener\" aria-label=\"Caminar en grupo por el barrio de Prosperidad (abre en una nueva pesta\u00f1a)\" href=\"http:\/\/www.elenacabrera.com\/weblog\/paseos-por-la-prospe\/\" target=\"_blank\">Caminar en grupo por el barrio de Prosperidad<\/a>, o\u00edr historias, recuperar la memoria, construir algo.<\/p>\n","protected":false},"excerpt":{"rendered":"<p>Estoy cansada de Pedro S\u00e1nchez. Hart\u00edsima de su arrogancia. Hasta el mo\u00f1o. Gabriel Rufi\u00e1n tiene raz\u00f3n: hasta los bemoles. Tambi\u00e9n del Psoe y de la pol\u00edtica en general. Son unos incompetentes. Ya no me interesan, me dan igual. Hay que mirar a otro lado, donde est\u00e9 la verdadera pol\u00edtica. No a ese circo de los [&hellip;]<\/p>\n","protected":false},"author":1,"featured_media":2002002911,"comment_status":"closed","ping_status":"closed","sticky":false,"template":"","format":"standard","meta":{"footnotes":""},"categories":[],"tags":[],"class_list":["post-2002002907","post","type-post","status-publish","format-standard","has-post-thumbnail","hentry"],"_links":{"self":[{"href":"http:\/\/www.elenacabrera.com\/weblog3\/wp-json\/wp\/v2\/posts\/2002002907","targetHints":{"allow":["GET"]}}],"collection":[{"href":"http:\/\/www.elenacabrera.com\/weblog3\/wp-json\/wp\/v2\/posts"}],"about":[{"href":"http:\/\/www.elenacabrera.com\/weblog3\/wp-json\/wp\/v2\/types\/post"}],"author":[{"embeddable":true,"href":"http:\/\/www.elenacabrera.com\/weblog3\/wp-json\/wp\/v2\/users\/1"}],"replies":[{"embeddable":true,"href":"http:\/\/www.elenacabrera.com\/weblog3\/wp-json\/wp\/v2\/comments?post=2002002907"}],"version-history":[{"count":2,"href":"http:\/\/www.elenacabrera.com\/weblog3\/wp-json\/wp\/v2\/posts\/2002002907\/revisions"}],"predecessor-version":[{"id":2002002912,"href":"http:\/\/www.elenacabrera.com\/weblog3\/wp-json\/wp\/v2\/posts\/2002002907\/revisions\/2002002912"}],"wp:featuredmedia":[{"embeddable":true,"href":"http:\/\/www.elenacabrera.com\/weblog3\/wp-json\/wp\/v2\/media\/2002002911"}],"wp:attachment":[{"href":"http:\/\/www.elenacabrera.com\/weblog3\/wp-json\/wp\/v2\/media?parent=2002002907"}],"wp:term":[{"taxonomy":"category","embeddable":true,"href":"http:\/\/www.elenacabrera.com\/weblog3\/wp-json\/wp\/v2\/categories?post=2002002907"},{"taxonomy":"post_tag","embeddable":true,"href":"http:\/\/www.elenacabrera.com\/weblog3\/wp-json\/wp\/v2\/tags?post=2002002907"}],"curies":[{"name":"wp","href":"https:\/\/api.w.org\/{rel}","templated":true}]}}