{"id":2002002914,"date":"2019-09-20T13:31:20","date_gmt":"2019-09-20T11:31:20","guid":{"rendered":"http:\/\/www.elenacabrera.com\/weblog\/?p=2002002914"},"modified":"2019-09-20T13:33:13","modified_gmt":"2019-09-20T11:33:13","slug":"hoy-soy-la-dj-convidat-de-miqui-puig","status":"publish","type":"post","link":"http:\/\/www.elenacabrera.com\/weblog3\/2019\/09\/20\/hoy-soy-la-dj-convidat-de-miqui-puig\/","title":{"rendered":"Hoy soy la dj convidat de Miqui Puig"},"content":{"rendered":"\n<p>En Pista de Fusta:<\/p>\n\n\n\n<p><em>Elena Cabrera \u00e9s una de les autores del llibre \u00abAviador Dro. Anarqu\u00eda cient\u00edfica\u00bb, que rememora i homenatja els 40 anys del grup madrileny, pioner del techno a Espanya. La seva sessi\u00f3 \u00e9s un rep\u00e0s per la hist\u00f2ria dels Aviador Dro. <\/em><\/p>\n\n\n\n<p style=\"text-align:left\"><a rel=\"noreferrer noopener\" aria-label=\"Esc\u00fachalo aqu\u00ed. (abre en una nueva pesta\u00f1a)\" href=\"https:\/\/www.ccma.cat\/catradio\/alacarta\/pista-de-fusta-amb-miqui-puig\/dj-convidat-elena-cabrera\/coleccio\/14630\/1049045\/\" target=\"_blank\">Esc\u00fachalo aqu\u00ed.<\/a><\/p>\n\n\n\n<figure><iframe loading=\"lazy\" src=\"https:\/\/www.ccma.cat\/audio\/embed\/1049045\/\" allowfullscreen=\"\" width=\"500px\" height=\"281px\"><\/iframe><\/figure>\n","protected":false},"excerpt":{"rendered":"<p>En Pista de Fusta: Elena Cabrera \u00e9s una de les autores del llibre \u00abAviador Dro. Anarqu\u00eda cient\u00edfica\u00bb, que rememora i homenatja els 40 anys del grup madrileny, pioner del techno a Espanya. La seva sessi\u00f3 \u00e9s un rep\u00e0s per la hist\u00f2ria dels Aviador Dro. Esc\u00fachalo aqu\u00ed.<\/p>\n","protected":false},"author":1,"featured_media":2002002915,"comment_status":"closed","ping_status":"closed","sticky":false,"template":"","format":"standard","meta":{"footnotes":""},"categories":[3],"tags":[],"class_list":["post-2002002914","post","type-post","status-publish","format-standard","has-post-thumbnail","hentry","category-twentytwentyfive"],"_links":{"self":[{"href":"http:\/\/www.elenacabrera.com\/weblog3\/wp-json\/wp\/v2\/posts\/2002002914","targetHints":{"allow":["GET"]}}],"collection":[{"href":"http:\/\/www.elenacabrera.com\/weblog3\/wp-json\/wp\/v2\/posts"}],"about":[{"href":"http:\/\/www.elenacabrera.com\/weblog3\/wp-json\/wp\/v2\/types\/post"}],"author":[{"embeddable":true,"href":"http:\/\/www.elenacabrera.com\/weblog3\/wp-json\/wp\/v2\/users\/1"}],"replies":[{"embeddable":true,"href":"http:\/\/www.elenacabrera.com\/weblog3\/wp-json\/wp\/v2\/comments?post=2002002914"}],"version-history":[{"count":2,"href":"http:\/\/www.elenacabrera.com\/weblog3\/wp-json\/wp\/v2\/posts\/2002002914\/revisions"}],"predecessor-version":[{"id":2002002917,"href":"http:\/\/www.elenacabrera.com\/weblog3\/wp-json\/wp\/v2\/posts\/2002002914\/revisions\/2002002917"}],"wp:featuredmedia":[{"embeddable":true,"href":"http:\/\/www.elenacabrera.com\/weblog3\/wp-json\/wp\/v2\/media\/2002002915"}],"wp:attachment":[{"href":"http:\/\/www.elenacabrera.com\/weblog3\/wp-json\/wp\/v2\/media?parent=2002002914"}],"wp:term":[{"taxonomy":"category","embeddable":true,"href":"http:\/\/www.elenacabrera.com\/weblog3\/wp-json\/wp\/v2\/categories?post=2002002914"},{"taxonomy":"post_tag","embeddable":true,"href":"http:\/\/www.elenacabrera.com\/weblog3\/wp-json\/wp\/v2\/tags?post=2002002914"}],"curies":[{"name":"wp","href":"https:\/\/api.w.org\/{rel}","templated":true}]}}