{"id":2002002928,"date":"2019-09-29T22:55:22","date_gmt":"2019-09-29T20:55:22","guid":{"rendered":"http:\/\/www.elenacabrera.com\/weblog\/?p=2002002928"},"modified":"2019-10-07T09:50:22","modified_gmt":"2019-10-07T07:50:22","slug":"defiendem21","status":"publish","type":"post","link":"http:\/\/www.elenacabrera.com\/weblog3\/2019\/09\/29\/defiendem21\/","title":{"rendered":"#DefiendeM21"},"content":{"rendered":"\n<p>Si t\u00fa tambi\u00e9n defiendes una radio p\u00fablica municipal, creativa, cultural y formativa como M21, firma esta carta colectiva: <a href=\"https:\/\/www.peticion.es\/defiendem21\">#DefiendeM21<\/a><\/p>\n\n\n\n<p>Puedes <a href=\"https:\/\/docs.google.com\/document\/d\/e\/2PACX-1vS_WD1wcjWnOb3Ruq0Qv50ICDoUdJoVvQpuZzoi5M76tzwlqOGMDgr0nvrQIOCSEUTiAIPHj5ZSx08x\/pub\">ver y compartir la carta aqu\u00ed.<\/a><\/p>\n\n\n\n<h4 class=\"wp-block-heading\"><strong>Carta de apoyo a la radio municipal M21: proyecto, parrilla y radio escuela<\/strong><\/h4>\n\n\n\n<p>El Alcalde de Madrid, Jos\u00e9 Luis Mart\u00ednez-Almeida, ha advertido en el Pleno del Ayuntamiento que <strong>M21 finaliza su emisi\u00f3n en FM el 30 de septiembre<\/strong>, dando as\u00ed un paso m\u00e1s en su <strong>intenci\u00f3n de agotar o cerrar la radio p\u00fablica municipal<\/strong>, tal y como promet\u00eda en el programa electoral con el que gan\u00f3 las elecciones al gobierno de la ciudad de Madrid.M21 es la heredera de Onda Imefe, una radio escuela municipal orientada a la formaci\u00f3n de desempleados que impuls\u00f3 el Ayuntamiento del PP bajo el mandato de Jos\u00e9 M\u00aa \u00c1lvarez del Manzano en 1998. En el a\u00f1o 2006, el Ayuntamiento relanz\u00f3 el viejo proyecto formativo y lo impuls\u00f3 arrop\u00e1ndolo de inter\u00e9s cultural con una <strong>programaci\u00f3n de alto nivel<\/strong> y una direcci\u00f3n art\u00edstica desde 2018, elegida en una <strong>convocatoria p\u00fablica y abierta<\/strong>. Las reconocidas profesionales de la radio, <strong>To\u00f1a Medina y \u00c1ngeles Oliva<\/strong>, son las impulsoras de un proyecto que se define en los objetivos de dar voz a la ciudadan\u00eda, abrirse a todos los barrios, crear comunidad, formar, ser altavoz, dibujar el mapa sonoro de Madrid y recoger su memoria, rescatando su tradici\u00f3n oral, canalizando, amplificando, atrayendo y arriesgando con nuevos formatos radiof\u00f3nicos.&nbsp;M21 no hab\u00eda hecho m\u00e1s que empezar.En los momentos en los que la vida va muy r\u00e1pido y tambi\u00e9n en los que va muy lento, la radio tiene un ritmo constante. A pesar de que llega la primera a cualquier sitio, impone calma y reflexi\u00f3n. Es una voz que acompa\u00f1a d\u00eda y noche, en casa y en la calle, en movimiento y en reposo, en soledad y en compa\u00f1\u00eda. <\/p>\n\n\n\n<p><strong>Hay espacio para la radio comercial, como tambi\u00e9n debe haberlo para la radio de servicio p\u00fablico<\/strong> porque alguien tiene que contar por la ma\u00f1ana que un autob\u00fas se atasca, al mediod\u00eda por qu\u00e9 ha sucedido, por la tarde c\u00f3mo afectado a las personas que iban en \u00e9l y por la noche c\u00f3mo imaginan esas personas que ser\u00e1 su viaje el d\u00eda de ma\u00f1ana.<strong> Las peque\u00f1as historias de proximidad hacen nuestro mundo grande<\/strong> e hist\u00f3rico.La radio p\u00fablica municipal de Madrid, M21 Radio, es todo eso y m\u00e1s, porque es<strong> un lugar de aprendizaje period\u00edstico y t\u00e9cnico<\/strong> y <strong>un laboratorio de desarrollo de nuevos formatos creativos<\/strong>. Lo que emiten sus ondas en un <strong>relato de una ciudad<\/strong> y las personas que lo habitan que cambia cada d\u00eda y que <strong>imagina c\u00f3mo ser\u00e1 ma\u00f1ana, rescatando la memoria del ayer<\/strong>.<\/p>\n\n\n\n<p>En su estudio, <strong>se entrecruzan voces maduras y j\u00f3venes, miradas diversas y azares imprevisibles<\/strong>. Es una radio cultural e informativa que se construye de manera coral y que se expande cada d\u00eda. &nbsp; Es un proyecto a\u00fan peque\u00f1o que necesita ser potenciado para que sus ondas lleguen lejos. Forma <strong>parte del plan de comunicaci\u00f3n de la ciudad de Madrid para que esta pueda narrarse a s\u00ed misma en su complejidad<\/strong>.  Adem\u00e1s, es una escuela de radio donde los j\u00f3venes aprenden de los  experimentados, donde tienen la oportunidad de pasar a la acci\u00f3n y  enamorarse de la radio, y no de una radio cualquiera.<\/p>\n\n\n\n<p><strong>M21 es uno de los mejores proyectos culturales que le ha pasado a la ciudad de Madrid<\/strong> en este siglo y <strong>es necesario escucharla y defenderla<\/strong>.<\/p>\n\n\n\n<p>El lunes d\u00eda 30, el Ayuntamiento no renovar\u00e1 la licencia del dial de M21, lo que invita a pensar que este primer gesto no es m\u00e1s que el inicio de la agon\u00eda. <strong>\u00bfDejar\u00e1n tambi\u00e9n morir o desconectar\u00e1n el proyecto radio escuela y el proyecto art\u00edstico diverso y creativo actual?<\/strong><\/p>\n\n\n\n<p>Si te apetece <strong>firmar por la continuidad de la emisi\u00f3n en antena y la defensa del proyecto<\/strong>, a\u00f1ade en el listado tu nombre y dif\u00fandela entre qui\u00e9n creas que pueda estar interesadx.&nbsp;<\/p>\n\n\n\n<p class=\"has-background has-very-light-gray-background-color\">A\u00f1ade tu firma aqu\u00ed: <a href=\"https:\/\/www.peticion.es\/defiendem21\">https:\/\/www.peticion.es\/defiendem21<\/a><\/p>\n\n\n\n<figure class=\"wp-block-image\"><img loading=\"lazy\" decoding=\"async\" width=\"1024\" height=\"1024\" src=\"http:\/\/www.elenacabrera.com\/weblog\/wp-content\/uploads\/DEFIENDEM21-01-1024x1024.jpg\" alt=\"\" class=\"wp-image-2002002932\" srcset=\"http:\/\/www.elenacabrera.com\/weblog3\/wp-content\/uploads\/DEFIENDEM21-01-1024x1024.jpg 1024w, http:\/\/www.elenacabrera.com\/weblog3\/wp-content\/uploads\/DEFIENDEM21-01-150x150.jpg 150w, http:\/\/www.elenacabrera.com\/weblog3\/wp-content\/uploads\/DEFIENDEM21-01-300x300.jpg 300w, http:\/\/www.elenacabrera.com\/weblog3\/wp-content\/uploads\/DEFIENDEM21-01-768x768.jpg 768w\" sizes=\"auto, (max-width: 1024px) 100vw, 1024px\" \/><\/figure>\n\n\n\n<h3 class=\"wp-block-heading\">Unos art\u00edculos para leer:<\/h3>\n\n\n\n<ul class=\"wp-block-list\"><li>Efe, Mar\u00eda L\u00f3pez: <a href=\"https:\/\/www.elconfidencial.com\/ultima-hora-en-vivo\/2019-10-06\/el-apagon-de-m21-y-del-relato-sonoro-de-madrid_2613499\/\" target=\"_blank\" rel=\"noreferrer noopener\" aria-label=\"El apag\u00f3n de M21 y del &quot;relato sonoro&quot; de Madrid (abre en una nueva pesta\u00f1a)\">El apag\u00f3n de M21 y del \u00abrelato sonoro\u00bb de Madrid<\/a><\/li><li>El Pa\u00eds, Diego A. Manrique: <a rel=\"noreferrer noopener\" aria-label=\"Liquiden a los expertos (abre en una nueva pesta\u00f1a)\" href=\"https:\/\/elpais.com\/cultura\/2019\/10\/06\/actualidad\/1570375318_865756.html\" target=\"_blank\">Liquiden a los expertos<\/a><\/li><li>El Salto: <a rel=\"noreferrer noopener\" aria-label=\"M21 deja de emitir por no estar en la onda del PP  (abre en una nueva pesta\u00f1a)\" href=\"https:\/\/www.elsaltodiario.com\/medios\/cierre-emisora-radio-municipal-madrid-m21-alcalde-almeida\" target=\"_blank\">M21 deja de emitir por no estar en la onda del PP <\/a><\/li><li>Cuartopoder: <a rel=\"noreferrer noopener\" aria-label=\"Los trabajadores de M21, contra el cierre de \u201cuna radio cultural y de servicio p\u00fablico\u201d (abre en una nueva pesta\u00f1a)\" href=\"https:\/\/www.cuartopoder.es\/lucha-laboral\/2019\/10\/01\/los-trabajadores-de-m21-contra-el-cierre-de-una-radio-cultural-y-de-servicio-publico\/\" target=\"_blank\">Los trabajadores de M21, contra el cierre de \u201cuna radio cultural y de servicio p\u00fablico\u201d<\/a><\/li><li>Cadena Ser \/ Radio Madrid: <a aria-label=\"M21 finaliza sus emisiones: &quot;es una p\u00e9rdida de patrimonio cultural&quot; (abre en una nueva pesta\u00f1a)\" rel=\"noreferrer noopener\" href=\"https:\/\/cadenaser.com\/emisora\/2019\/09\/30\/radio_madrid\/1569816909_270334.html\" target=\"_blank\">M21 finaliza sus emisiones: \u00abes una p\u00e9rdida de patrimonio cultural\u00bb<\/a><\/li><li>eldiario.es: <a aria-label=\"Los trabajadores de radio M21 defiende su profesionalidad ante las acusaciones de Almeida (abre en una nueva pesta\u00f1a)\" href=\"https:\/\/www.eldiario.es\/madrid\/Almeida-municipal-programacion-considero-sectaria_0_946655965.html\" target=\"_blank\" rel=\"noopener noreferrer\">La radio municipal del Ayuntamiento de Madrid seguir\u00e1 grabando sin poder emitir<\/a><\/li><li>El Pa\u00eds: <a rel=\"noreferrer noopener\" aria-label=\"Los trabajadores de radio M21 defiende su profesionalidad ante las acusaciones de Almeida (abre en una nueva pesta\u00f1a)\" href=\"https:\/\/elpais.com\/ccaa\/2019\/09\/28\/madrid\/1569688062_797487.html\" target=\"_blank\">Los trabajadores de radio M21 defiende su profesionalidad ante las acusaciones de Almeida<\/a><\/li><li>La Vanguardia: <a rel=\"noopener noreferrer\" href=\"https:\/\/www.lavanguardia.com\/local\/madrid\/20190927\/47668832634\/vetusta-morla-defienden-que-m21-no-es-un-instrumento-politico-y-piden-como-mas-de-400-firmantes-que-no-la-cierren.html\" target=\"_blank\">Vetusta Morla defienden que M21 \u00abno es un instrumento pol\u00edtico\u00bb y piden, como m\u00e1s de 400 firmantes, que no la cierren<\/a><\/li><li>P\u00fablico: <a aria-label=\"Los trabajadores de M21 Radio, contra la tergiversaci\u00f3n de datos: &quot;No somos bolcheviques&quot; (abre en una nueva pesta\u00f1a)\" rel=\"noopener noreferrer\" href=\"https:\/\/www.publico.es\/politica\/emisora-m21-ayuntamiento-madrid-cierra-emisora-escuela-m21.html\" target=\"_blank\">El Ayuntamiento de Madrid corta las emisiones de la radio escuela M21<\/a><\/li><li>madridiario: <a aria-label=\"Los trabajadores de M21 Radio, contra la tergiversaci\u00f3n de datos: &quot;No somos bolcheviques&quot; (abre en una nueva pesta\u00f1a)\" rel=\"noreferrer noopener\" href=\"https:\/\/www.madridiario.es\/472107\/m21-radio\" target=\"_blank\">Los trabajadores de M21 Radio, contra la tergiversaci\u00f3n de datos: \u00abNo somos bolcheviques\u00bb<\/a><\/li><\/ul>\n","protected":false},"excerpt":{"rendered":"<p>Si t\u00fa tambi\u00e9n defiendes una radio p\u00fablica municipal, creativa, cultural y formativa como M21, firma esta carta colectiva: #DefiendeM21 Puedes ver y compartir la carta aqu\u00ed. Carta de apoyo a la radio municipal M21: proyecto, parrilla y radio escuela El Alcalde de Madrid, Jos\u00e9 Luis Mart\u00ednez-Almeida, ha advertido en el Pleno del Ayuntamiento que M21 [&hellip;]<\/p>\n","protected":false},"author":1,"featured_media":2002002929,"comment_status":"closed","ping_status":"closed","sticky":false,"template":"","format":"standard","meta":{"footnotes":""},"categories":[3],"tags":[],"class_list":["post-2002002928","post","type-post","status-publish","format-standard","has-post-thumbnail","hentry","category-twentytwentyfive"],"_links":{"self":[{"href":"http:\/\/www.elenacabrera.com\/weblog3\/wp-json\/wp\/v2\/posts\/2002002928","targetHints":{"allow":["GET"]}}],"collection":[{"href":"http:\/\/www.elenacabrera.com\/weblog3\/wp-json\/wp\/v2\/posts"}],"about":[{"href":"http:\/\/www.elenacabrera.com\/weblog3\/wp-json\/wp\/v2\/types\/post"}],"author":[{"embeddable":true,"href":"http:\/\/www.elenacabrera.com\/weblog3\/wp-json\/wp\/v2\/users\/1"}],"replies":[{"embeddable":true,"href":"http:\/\/www.elenacabrera.com\/weblog3\/wp-json\/wp\/v2\/comments?post=2002002928"}],"version-history":[{"count":14,"href":"http:\/\/www.elenacabrera.com\/weblog3\/wp-json\/wp\/v2\/posts\/2002002928\/revisions"}],"predecessor-version":[{"id":2002002954,"href":"http:\/\/www.elenacabrera.com\/weblog3\/wp-json\/wp\/v2\/posts\/2002002928\/revisions\/2002002954"}],"wp:featuredmedia":[{"embeddable":true,"href":"http:\/\/www.elenacabrera.com\/weblog3\/wp-json\/wp\/v2\/media\/2002002929"}],"wp:attachment":[{"href":"http:\/\/www.elenacabrera.com\/weblog3\/wp-json\/wp\/v2\/media?parent=2002002928"}],"wp:term":[{"taxonomy":"category","embeddable":true,"href":"http:\/\/www.elenacabrera.com\/weblog3\/wp-json\/wp\/v2\/categories?post=2002002928"},{"taxonomy":"post_tag","embeddable":true,"href":"http:\/\/www.elenacabrera.com\/weblog3\/wp-json\/wp\/v2\/tags?post=2002002928"}],"curies":[{"name":"wp","href":"https:\/\/api.w.org\/{rel}","templated":true}]}}