{"id":2002002947,"date":"2019-10-04T10:36:16","date_gmt":"2019-10-04T08:36:16","guid":{"rendered":"http:\/\/www.elenacabrera.com\/weblog\/?p=2002002947"},"modified":"2019-10-04T10:36:17","modified_gmt":"2019-10-04T08:36:17","slug":"comunicado-de-los-trabajadores-autonomos-afectados-por-el-cierre-de-la-emisora-escuela-m21-de-madrid","status":"publish","type":"post","link":"http:\/\/www.elenacabrera.com\/weblog3\/2019\/10\/04\/comunicado-de-los-trabajadores-autonomos-afectados-por-el-cierre-de-la-emisora-escuela-m21-de-madrid\/","title":{"rendered":"Comunicado de los trabajadores aut\u00f3nomos afectados por el cierre de la Emisora Escuela M21 de Madrid"},"content":{"rendered":"\n<p>El presente comunicado, emitido por el <strong>colectivo de los trabajadores aut\u00f3nomos<\/strong> de la Emisora Escuela M21, <strong>denuncia contundentemente la cancelaci\u00f3n de sus emisiones<\/strong> como radio p\u00fablica madrile\u00f1a por parte del Gobierno municipal y la gesti\u00f3n de dicha cancelaci\u00f3n, <strong>llevada a cabo de forma irrespetuosa y despectiva<\/strong> hacia los trabajadores que la han sacado adelante.<\/p>\n\n\n\n<p>Los abajo firmantes quieren dejar clara su protesta y su preocupaci\u00f3n por <strong>el grave hecho del cierre de un medio de comunicaci\u00f3n p\u00fablico<\/strong>, con el consecuente perjuicio al total de la sociedad y de su fundamental derecho a la informaci\u00f3n.<\/p>\n\n\n\n<p>El pasado lunes 30 de septiembre a las 00:26 h. se produjo la desconexi\u00f3n total de la Emisora Escuela M21 Radio. Sin embargo, en los documentos oficiales \u2013firmados por las diferentes partes\u2013 que acreditan nuestra colaboraci\u00f3n con Madrid Destino consta como fecha de finalizaci\u00f3n del acuerdo el 31 de diciembre de 2019. <strong>Ante la falta de comunicaci\u00f3n por parte de la empresa municipal Madrid Destino<\/strong>, m\u00e1s de medio centenar de trabajadores externos de la emisora seguimos sin saber qu\u00e9 va a suceder con nuestra relaci\u00f3n contractual.<\/p>\n\n\n\n<p><strong>43 de los 46 programas<\/strong> que conforman la parrilla de la Emisora Escuela M21 <strong>est\u00e1n realizados por colaboradores externos en r\u00e9gimen de aut\u00f3nomos<\/strong> a los que se deben sumar las secciones incluidas en los tres programas emitidos con periodicidad diaria.\u00a0<\/p>\n\n\n\n<p>Desde el d\u00eda que se interrumpi\u00f3 la emisi\u00f3n, <strong>nuestro futuro laboral respecto a la Emisora Escuela M21 es incierto como lo es el de los 14 compa\u00f1eros contratados por la empresa municipal<\/strong>, cuya situaci\u00f3n ha sido repetidamente denunciada en medios. Los firmantes de este comunicado queremos reivindicar nuestra existencia, olvidada en las informaciones difundidas, lo mismo que la calidad del trabajo realizado y, a la vez, hacer hincapi\u00e9 en la injusticia de nuestra situaci\u00f3n profesional ante el repentino cese de las emisiones.<\/p>\n\n\n\n<p><strong>Hasta 4 d\u00edas despu\u00e9s de la finalizaci\u00f3n de la emisiones<\/strong>, la empresa Madrid Destino <strong>no se ha puesto en contacto con nosotros<\/strong> para informarnos de que no desea que sigamos prestando servicios a la misma.\u00a0<\/p>\n\n\n\n<p>Asimismo, queremos manifestar nuestra indignaci\u00f3n y repulsa por la <strong>difamaci\u00f3n y calumnias de las que hemos sido objeto en redes sociales<\/strong> por parte de una cuenta oficial del Ayuntamiento, cuestionando nuestra reputaci\u00f3n profesional y la honestidad de nuestro trabajo. Somos profesionales, estamos trabajando y no se puede, ni de debe consentir que nos insulten alegremente. <strong>Nuestra condici\u00f3n de trabajadores aut\u00f3nomos no ha significado un menor compromiso con el proyecto<\/strong> y la funci\u00f3n de la Emisora Escuela M21, sino, al contrario, nos ha estimulado a esforzarnos a favor de la supervivencia y el prestigio de la emisora.<\/p>\n\n\n\n<p><strong>La funci\u00f3n del \u00c1rea de Gobierno de Cultura, Turismo y Deporte es promover y defender la cultura<\/strong> en la ciudad de Madrid, <strong>y no descalificar e insultar<\/strong> a los trabajadores independientes del periodismo y la cultura de nuestra ciudad. Se nos acusa de <em>sectarios, panfletarios <\/em>y <em>paniaguados, <\/em>cuando <strong>nuestros programas se rigen por el <\/strong><em><strong>C\u00f3digo de buenas pr\u00e1cticas de la Emisora M21<\/strong><\/em>, redactado de com\u00fan acuerdo entre todos los partidos del consistorio y firmado por los colaboradores al iniciar nuestra relaci\u00f3n profesional con Madrid Destino. En este C\u00f3digo nos hemos comprometido a actuar con imparcialidad en las informaciones, separar la opini\u00f3n de la informaci\u00f3n y defender el pluralismo pol\u00edtico, religioso, cultural y ling\u00fc\u00edstico.<\/p>\n\n\n\n<p>Adem\u00e1s, queremos refutar, expresa y dr\u00e1sticamente, las mentiras que han hecho circular algunos miembros del consistorio municipal acerca de un supuesto saqueo del dinero p\u00fablico por nuestra parte.&nbsp;<\/p>\n\n\n\n<p>Por otra parte, queremos hacer constar que <strong>M21 Radio, como medio de comunicaci\u00f3n p\u00fablico, no debe estar supeditada a cifras de audiencias<\/strong>. No obstante, remarcamos que los n\u00fameros manejados por parte de ciertos sectores en cuanto al n\u00famero de oyentes y descargas no son correctos y remitimos a la propia Emisora para contrastar cualquier dato al respecto.<\/p>\n\n\n\n<p>Por todo lo anterior, nos hemos reunido los abajo firmantes para exigir a Madrid Destino y a los responsables pol\u00edticos una informaci\u00f3n precisa sobre nuestra situaci\u00f3n y futuro laboral adem\u00e1s de la atenci\u00f3n, apoyo y respeto debidos a unos trabajadores que han luchado con toda dignidad y dedicaci\u00f3n por el proyecto de una emisora escuela al servicio de todos los madrile\u00f1os.<\/p>\n\n\n\n<p>Firman este documento:<br><strong>\u00c1ngel Aranda y Mar\u00eda del R\u00edo<\/strong> (#SomosJOBO), <strong>Alba G. Alderete<\/strong> (La Verbena), <strong>Ann Bateson<\/strong> (Madrid Live), <strong>Ricardo Blanco y Laura Oliva<\/strong> (Extraordinarios), <strong>Bel\u00e9n Chanes, Luis Garc\u00eda Morais, Javier de la Morena y el Robot Becario<\/strong> (M\u00fasica Autom\u00e1tica), <strong>Elena Cabrera<\/strong> (Directo Salvaje), <strong>Sonia Fr\u00edas<\/strong> (Entrelares), <strong>Elisabeth Falomir, Pedro Toro, Alberto Haj-Saleh y Merced Montero<\/strong> (El \u00daltimo Moyano), <strong>Luis Miguel Flores<\/strong> (Est\u00e9reo 360), <strong>Carmen Garc\u00eda Bermejo<\/strong> (El Sonido de las Ciudades), <strong>Patricia Godes<\/strong> (Conversaciones con la M\u00fasica), <strong>Elena G\u00f3mez <\/strong>(Relatoras), <strong>Carlos Hurtado<\/strong> (Polizonas), <strong>Jos\u00e9 Mar\u00eda Jim\u00e9nez<\/strong> (colaborador de Cero en Conducta y Alumnos Radioactivos), <strong>Blanca Lacasa<\/strong> (La Flaneadora), <strong>Sara Luque y Sergio C. Fanjul <\/strong>(Poes\u00eda O Barbarie), <strong>Javier Magerit<\/strong> (Y Ahora Retrocede, Por Favor), <strong>Diego A. Manrique<\/strong> (El Planeador), <strong>Francisco Pastor y Jos\u00e9 Luis Mar\u00edn<\/strong> (Barrio Iberoam\u00e9rica), <strong>Fernando Mart\u00ednez y \u00d3scar Aparicio<\/strong> (Tr\u00e1fico de Tarareos), <strong>\u00d3scar Men\u00e9ndez<\/strong> (Einstein en Malasa\u00f1a, colaborador de La Vuelta al d\u00eda), <strong>Eugenio Moir\u00f3n<\/strong> (Blues en Sociedad), <strong>Roc\u00edo Niebla y Gorka Castillo<\/strong> (Colaboradores de La Vuelta al d\u00eda), <strong>Samuel Alonso Ome\u00f1aca<\/strong> (El Cuentah\u00edlos), <strong>Jenaro P\u00e9rez-Villaamil<\/strong> (Se\u00f1ales de Urano), <strong>Manu Pi\u00f1\u00f3n<\/strong> (Colaborador de Madrid con los Cinco Sentidos), <strong>Natalia Pi\u00f1uel<\/strong> (El\u00e9ctrica y Porosa), <strong>Jos\u00e9 Salas y Roberto Salas<\/strong> (Sonda Dispersa), <strong>Pablo Sanz<\/strong> (Viva Bepop), <strong>Andr\u00e9s Senra<\/strong> (Psicoderivas), <strong>Patricia Sim\u00f3n<\/strong> (La Ciudad de los Derechos y la Memoria), <strong>Sara Calvo Taranc\u00f3n<\/strong> (El reino de Frida), <strong>Bob Steane y Ben Rowdon<\/strong> (UK5678), <strong>Miguel \u00c1ngel Sutil<\/strong> (Magia Negra), <strong>Chenta Tsai <\/strong>(Nada Especial),<strong> Juan Antonio V\u00e1zquez y Araceli Tzigane<\/strong> (Mundofon\u00edas), <strong>Juan \u00c1ngel Vela<\/strong> (M\u00fasica, Imag\u00ednese).<\/p>\n\n\n\n<p class=\"has-background has-cyan-bluish-gray-background-color\"><strong>#DefiendeM21<br>Contacto: defiendem21 @ gmail . com<\/strong><\/p>\n","protected":false},"excerpt":{"rendered":"<p>El presente comunicado, emitido por el colectivo de los trabajadores aut\u00f3nomos de la Emisora Escuela M21, denuncia contundentemente la cancelaci\u00f3n de sus emisiones como radio p\u00fablica madrile\u00f1a por parte del Gobierno municipal y la gesti\u00f3n de dicha cancelaci\u00f3n, llevada a cabo de forma irrespetuosa y despectiva hacia los trabajadores que la han sacado adelante. Los [&hellip;]<\/p>\n","protected":false},"author":1,"featured_media":2002002948,"comment_status":"closed","ping_status":"closed","sticky":false,"template":"","format":"standard","meta":{"footnotes":""},"categories":[3],"tags":[],"class_list":["post-2002002947","post","type-post","status-publish","format-standard","has-post-thumbnail","hentry","category-twentytwentyfive"],"_links":{"self":[{"href":"http:\/\/www.elenacabrera.com\/weblog3\/wp-json\/wp\/v2\/posts\/2002002947","targetHints":{"allow":["GET"]}}],"collection":[{"href":"http:\/\/www.elenacabrera.com\/weblog3\/wp-json\/wp\/v2\/posts"}],"about":[{"href":"http:\/\/www.elenacabrera.com\/weblog3\/wp-json\/wp\/v2\/types\/post"}],"author":[{"embeddable":true,"href":"http:\/\/www.elenacabrera.com\/weblog3\/wp-json\/wp\/v2\/users\/1"}],"replies":[{"embeddable":true,"href":"http:\/\/www.elenacabrera.com\/weblog3\/wp-json\/wp\/v2\/comments?post=2002002947"}],"version-history":[{"count":1,"href":"http:\/\/www.elenacabrera.com\/weblog3\/wp-json\/wp\/v2\/posts\/2002002947\/revisions"}],"predecessor-version":[{"id":2002002949,"href":"http:\/\/www.elenacabrera.com\/weblog3\/wp-json\/wp\/v2\/posts\/2002002947\/revisions\/2002002949"}],"wp:featuredmedia":[{"embeddable":true,"href":"http:\/\/www.elenacabrera.com\/weblog3\/wp-json\/wp\/v2\/media\/2002002948"}],"wp:attachment":[{"href":"http:\/\/www.elenacabrera.com\/weblog3\/wp-json\/wp\/v2\/media?parent=2002002947"}],"wp:term":[{"taxonomy":"category","embeddable":true,"href":"http:\/\/www.elenacabrera.com\/weblog3\/wp-json\/wp\/v2\/categories?post=2002002947"},{"taxonomy":"post_tag","embeddable":true,"href":"http:\/\/www.elenacabrera.com\/weblog3\/wp-json\/wp\/v2\/tags?post=2002002947"}],"curies":[{"name":"wp","href":"https:\/\/api.w.org\/{rel}","templated":true}]}}