{"id":2002002955,"date":"2019-10-08T11:43:08","date_gmt":"2019-10-08T09:43:08","guid":{"rendered":"http:\/\/www.elenacabrera.com\/weblog\/?p=2002002955"},"modified":"2019-10-08T11:44:58","modified_gmt":"2019-10-08T09:44:58","slug":"finde-mutante","status":"publish","type":"post","link":"http:\/\/www.elenacabrera.com\/weblog3\/2019\/10\/08\/finde-mutante\/","title":{"rendered":"Finde mutante"},"content":{"rendered":"\n<p>El viernes 11 de octubre y el s\u00e1bado 12 nos esperan dos d\u00edas de <strong>celebraci\u00f3n de la revoluci\u00f3n tecno del Aviador Dro<\/strong>.<\/p>\n\n\n\n<p>El viernes a las 19h en la <a rel=\"noreferrer noopener\" aria-label=\"tienda de discos La Negra (abre en una nueva pesta\u00f1a)\" href=\"https:\/\/lanegrashop.es\/\" target=\"_blank\">tienda de discos La Negra<\/a> (c\/ Eugenio Salazar, 9) <a href=\"https:\/\/lafelguera.net\/seguimos-de-celebracion-encuentro-mutante-con-elena-cabrera-patricia-godes-y-sol-alonso\/\" target=\"_blank\" rel=\"noreferrer noopener\" aria-label=\"vamos a presentar &quot;Anarqu\u00eda cient\u00edfica&quot; (abre en una nueva pesta\u00f1a)\">vamos a presentar \u00abAnarqu\u00eda cient\u00edfica\u00bb<\/a> con la editorial La Felguera y las autoras Patricia Godes, Sol Alonso y yo misma. Vamos a festejar que el libro que cuenta las aventuras y haza\u00f1as de los obreros especializados ha llegado a la segunda edici\u00f3n, y que <a rel=\"noreferrer noopener\" href=\"https:\/\/lavidaesunmus.bandcamp.com\/album\/nuclear-s\">el sello marginal La Vida es un Mus ha sacado una reedici\u00f3n de \u00abNuclear s\u00ed\u00bb<\/a>. Lo vamos a hacer en la tienda de discos de nuestro barrio, la muy apreciada La Negra.<\/p>\n\n\n\n<figure class=\"wp-block-image\"><img loading=\"lazy\" decoding=\"async\" width=\"653\" height=\"1024\" src=\"http:\/\/www.elenacabrera.com\/weblog\/wp-content\/uploads\/Cartel-presentacion-en-La-Negra-653x1024.jpg\" alt=\"\" class=\"wp-image-2002002957\" srcset=\"http:\/\/www.elenacabrera.com\/weblog3\/wp-content\/uploads\/Cartel-presentacion-en-La-Negra-653x1024.jpg 653w, http:\/\/www.elenacabrera.com\/weblog3\/wp-content\/uploads\/Cartel-presentacion-en-La-Negra-191x300.jpg 191w, http:\/\/www.elenacabrera.com\/weblog3\/wp-content\/uploads\/Cartel-presentacion-en-La-Negra.jpg 655w\" sizes=\"auto, (max-width: 653px) 100vw, 653px\" \/><\/figure>\n\n\n\n<p>Al d\u00eda siguiente va a tener lugar una versi\u00f3n especial de <a href=\"http:\/\/www.elenacabrera.com\/weblog\/paseos-por-la-prospe\/\" target=\"_blank\" rel=\"noreferrer noopener\" aria-label=\"mi paseo por la memoria musical de La Prospe (abre en una nueva pesta\u00f1a)\">mi paseo por la memoria musical de La Prospe<\/a>, dedicado a Aviador Dro y que sin duda contar\u00e1 con sucesos extra\u00f1os.<\/p>\n\n\n\n<p>Aunque es gratuito, las plazas est\u00e1n limitadas porque no podemos ser tropecientos mil, as\u00ed que hay que apuntarse escribiendo a La Felguera. <a rel=\"noreferrer noopener\" aria-label=\"Te lo cuentan aqu\u00ed. (abre en una nueva pesta\u00f1a)\" href=\"https:\/\/lafelguera.net\/paseo-mutante-del-aviador-dro\/\" target=\"_blank\">Te lo cuentan aqu\u00ed.<\/a><\/p>\n\n\n\n<ul class=\"wp-block-gallery columns-1 is-cropped wp-block-gallery-1 is-layout-flex wp-block-gallery-is-layout-flex\"><li class=\"blocks-gallery-item\"><figure><img loading=\"lazy\" decoding=\"async\" width=\"1024\" height=\"1002\" src=\"http:\/\/www.elenacabrera.com\/weblog\/wp-content\/uploads\/Paseo-Mutante-1024x1002.jpg\" alt=\"\" data-id=\"2002002958\" data-link=\"http:\/\/www.elenacabrera.com\/weblog\/?attachment_id=2002002958\" class=\"wp-image-2002002958\" srcset=\"http:\/\/www.elenacabrera.com\/weblog3\/wp-content\/uploads\/Paseo-Mutante.jpg 1024w, http:\/\/www.elenacabrera.com\/weblog3\/wp-content\/uploads\/Paseo-Mutante-300x294.jpg 300w, http:\/\/www.elenacabrera.com\/weblog3\/wp-content\/uploads\/Paseo-Mutante-768x752.jpg 768w\" sizes=\"auto, (max-width: 1024px) 100vw, 1024px\" \/><\/figure><\/li><\/ul>\n","protected":false},"excerpt":{"rendered":"<p>El viernes 11 de octubre y el s\u00e1bado 12 nos esperan dos d\u00edas de celebraci\u00f3n de la revoluci\u00f3n tecno del Aviador Dro. El viernes a las 19h en la tienda de discos La Negra (c\/ Eugenio Salazar, 9) vamos a presentar \u00abAnarqu\u00eda cient\u00edfica\u00bb con la editorial La Felguera y las autoras Patricia Godes, Sol Alonso [&hellip;]<\/p>\n","protected":false},"author":1,"featured_media":2002002959,"comment_status":"closed","ping_status":"closed","sticky":false,"template":"","format":"standard","meta":{"footnotes":""},"categories":[1],"tags":[],"class_list":["post-2002002955","post","type-post","status-publish","format-standard","has-post-thumbnail","hentry","category-sin-categoria"],"_links":{"self":[{"href":"http:\/\/www.elenacabrera.com\/weblog3\/wp-json\/wp\/v2\/posts\/2002002955","targetHints":{"allow":["GET"]}}],"collection":[{"href":"http:\/\/www.elenacabrera.com\/weblog3\/wp-json\/wp\/v2\/posts"}],"about":[{"href":"http:\/\/www.elenacabrera.com\/weblog3\/wp-json\/wp\/v2\/types\/post"}],"author":[{"embeddable":true,"href":"http:\/\/www.elenacabrera.com\/weblog3\/wp-json\/wp\/v2\/users\/1"}],"replies":[{"embeddable":true,"href":"http:\/\/www.elenacabrera.com\/weblog3\/wp-json\/wp\/v2\/comments?post=2002002955"}],"version-history":[{"count":3,"href":"http:\/\/www.elenacabrera.com\/weblog3\/wp-json\/wp\/v2\/posts\/2002002955\/revisions"}],"predecessor-version":[{"id":2002002961,"href":"http:\/\/www.elenacabrera.com\/weblog3\/wp-json\/wp\/v2\/posts\/2002002955\/revisions\/2002002961"}],"wp:featuredmedia":[{"embeddable":true,"href":"http:\/\/www.elenacabrera.com\/weblog3\/wp-json\/wp\/v2\/media\/2002002959"}],"wp:attachment":[{"href":"http:\/\/www.elenacabrera.com\/weblog3\/wp-json\/wp\/v2\/media?parent=2002002955"}],"wp:term":[{"taxonomy":"category","embeddable":true,"href":"http:\/\/www.elenacabrera.com\/weblog3\/wp-json\/wp\/v2\/categories?post=2002002955"},{"taxonomy":"post_tag","embeddable":true,"href":"http:\/\/www.elenacabrera.com\/weblog3\/wp-json\/wp\/v2\/tags?post=2002002955"}],"curies":[{"name":"wp","href":"https:\/\/api.w.org\/{rel}","templated":true}]}}