{"id":2002002976,"date":"2019-10-28T12:30:42","date_gmt":"2019-10-28T10:30:42","guid":{"rendered":"http:\/\/www.elenacabrera.com\/weblog\/?p=2002002976"},"modified":"2019-10-28T12:30:45","modified_gmt":"2019-10-28T10:30:45","slug":"la-radio-en-espacios-digitales-periodismo-y-divulgacion-musical","status":"publish","type":"post","link":"http:\/\/www.elenacabrera.com\/weblog3\/2019\/10\/28\/la-radio-en-espacios-digitales-periodismo-y-divulgacion-musical\/","title":{"rendered":"La radio en espacios digitales: periodismo y divulgaci\u00f3n musical"},"content":{"rendered":"\n<p>El mi\u00e9rcoles 30 de octubre voy a realizar un taller de podcast en la Facultad de Geograf\u00eda e Historia de la Universidad Complutense. Es para alumnos y alumnas de musicolog\u00eda pero puede venir otra gente.<\/p>\n\n\n\n<p>Tiene una primera parte enfocada a la radio musical, que impartir\u00e1 el hist\u00f3rico Miguel \u00c1ngel Sutil (Enlace Funk) de 11:30 a 13:00. Mi secci\u00f3n comienza a las 13:00 y durar\u00e1 hasta las 14:30h y lleva por t\u00edtulo <em><strong>C\u00f3mo contar una historia sonora (taller de podcast en tres actos)<\/strong><\/em> y este es el contenido:<\/p>\n\n\n\n<p><strong>Acto primero:<\/strong><br>En el que vemos a un alumno desesperado, aturdido por el exceso de informaci\u00f3n y bloqueado creativamente. El proyecto va a la deriva hasta que una voz le pregunta: \u00bfcu\u00e1l es la historia que quieres contar?<\/p>\n\n\n\n<p><strong>Acto segundo:<\/strong><br>En el que el alumno, ya no tan desesperado, re\u00fane todo el material necesario seg\u00fan las \u00f3rdenes dictadas por su historia. El protagonista llega a una encrucijada \u00bfde qu\u00e9 prescindir y c\u00f3mo organizarlo?<\/p>\n\n\n\n<p><strong>Acto tercero:<\/strong><br>En el que el alumno, confiado y entregado al desarrollo de su historia, construye desde el silencio un armaz\u00f3n sonoro por el que puede transitar como si fuera un pasillo o un relato. \u00bfC\u00f3mo acaba este relato, ad\u00f3nde le lleva el pasillo? El locutor cierra los ojos y mueve los labios: la magia comienza.<\/p>\n\n\n\n<figure class=\"wp-block-image\"><img loading=\"lazy\" decoding=\"async\" width=\"960\" height=\"720\" src=\"http:\/\/www.elenacabrera.com\/weblog\/wp-content\/uploads\/Cartel-Taller-radio-ovtubre-2019.jpg\" alt=\"\" class=\"wp-image-2002002977\" srcset=\"http:\/\/www.elenacabrera.com\/weblog3\/wp-content\/uploads\/Cartel-Taller-radio-ovtubre-2019.jpg 960w, http:\/\/www.elenacabrera.com\/weblog3\/wp-content\/uploads\/Cartel-Taller-radio-ovtubre-2019-300x225.jpg 300w, http:\/\/www.elenacabrera.com\/weblog3\/wp-content\/uploads\/Cartel-Taller-radio-ovtubre-2019-768x576.jpg 768w, http:\/\/www.elenacabrera.com\/weblog3\/wp-content\/uploads\/Cartel-Taller-radio-ovtubre-2019-640x480.jpg 640w\" sizes=\"auto, (max-width: 960px) 100vw, 960px\" \/><\/figure>\n\n\n\n<p>Tendr\u00e1 lugar en el aula 3 de inform\u00e1tica de la Facultad de Geograf\u00eda e Historia de la UCM (departamento de musicolog\u00eda). <a href=\"https:\/\/docs.google.com\/forms\/d\/e\/1FAIpQLSeD4wsctyf7DH-JVJvfQZYEOhMmN11_ms_a8P64fFc1mW05cQ\/viewform\" target=\"_blank\" rel=\"noreferrer noopener\" aria-label=\"Hay que inscribirse previamente en este formulario (abre en una nueva pesta\u00f1a)\">Hay que inscribirse previamente en este formulario<\/a>.<\/p>\n","protected":false},"excerpt":{"rendered":"<p>El mi\u00e9rcoles 30 de octubre voy a realizar un taller de podcast en la Facultad de Geograf\u00eda e Historia de la Universidad Complutense. Es para alumnos y alumnas de musicolog\u00eda pero puede venir otra gente. Tiene una primera parte enfocada a la radio musical, que impartir\u00e1 el hist\u00f3rico Miguel \u00c1ngel Sutil (Enlace Funk) de 11:30 [&hellip;]<\/p>\n","protected":false},"author":1,"featured_media":2002002978,"comment_status":"closed","ping_status":"closed","sticky":false,"template":"","format":"standard","meta":{"footnotes":""},"categories":[2,3],"tags":[],"class_list":["post-2002002976","post","type-post","status-publish","format-standard","has-post-thumbnail","hentry","category-twentytwentyfive"],"_links":{"self":[{"href":"http:\/\/www.elenacabrera.com\/weblog3\/wp-json\/wp\/v2\/posts\/2002002976","targetHints":{"allow":["GET"]}}],"collection":[{"href":"http:\/\/www.elenacabrera.com\/weblog3\/wp-json\/wp\/v2\/posts"}],"about":[{"href":"http:\/\/www.elenacabrera.com\/weblog3\/wp-json\/wp\/v2\/types\/post"}],"author":[{"embeddable":true,"href":"http:\/\/www.elenacabrera.com\/weblog3\/wp-json\/wp\/v2\/users\/1"}],"replies":[{"embeddable":true,"href":"http:\/\/www.elenacabrera.com\/weblog3\/wp-json\/wp\/v2\/comments?post=2002002976"}],"version-history":[{"count":1,"href":"http:\/\/www.elenacabrera.com\/weblog3\/wp-json\/wp\/v2\/posts\/2002002976\/revisions"}],"predecessor-version":[{"id":2002002979,"href":"http:\/\/www.elenacabrera.com\/weblog3\/wp-json\/wp\/v2\/posts\/2002002976\/revisions\/2002002979"}],"wp:featuredmedia":[{"embeddable":true,"href":"http:\/\/www.elenacabrera.com\/weblog3\/wp-json\/wp\/v2\/media\/2002002978"}],"wp:attachment":[{"href":"http:\/\/www.elenacabrera.com\/weblog3\/wp-json\/wp\/v2\/media?parent=2002002976"}],"wp:term":[{"taxonomy":"category","embeddable":true,"href":"http:\/\/www.elenacabrera.com\/weblog3\/wp-json\/wp\/v2\/categories?post=2002002976"},{"taxonomy":"post_tag","embeddable":true,"href":"http:\/\/www.elenacabrera.com\/weblog3\/wp-json\/wp\/v2\/tags?post=2002002976"}],"curies":[{"name":"wp","href":"https:\/\/api.w.org\/{rel}","templated":true}]}}