{"id":2002002980,"date":"2019-10-27T12:34:37","date_gmt":"2019-10-27T10:34:37","guid":{"rendered":"http:\/\/www.elenacabrera.com\/weblog\/?p=2002002980"},"modified":"2019-10-28T12:39:08","modified_gmt":"2019-10-28T10:39:08","slug":"la-espana-vaciada-prepara-su-guerra-contra-la-despoblacion-mediante-una-nacion-digital","status":"publish","type":"post","link":"http:\/\/www.elenacabrera.com\/weblog3\/2019\/10\/27\/la-espana-vaciada-prepara-su-guerra-contra-la-despoblacion-mediante-una-nacion-digital\/","title":{"rendered":"La Espa\u00f1a vaciada prepara su guerra contra la despoblaci\u00f3n mediante una naci\u00f3n digital"},"content":{"rendered":"\n<p>En Orea <strong>hace un fr\u00edo que pela<\/strong>, pero eso forma parte de su belleza. Es el pueblo m\u00e1s alto de toda Castilla-La Mancha, y desde \u00e9l se divisa el parque natural del Alto Tajo. Dos horas y media en coche separan Orea de la capital de su provincia, Guadalajara; <strong>es dif\u00edcil estar m\u00e1s lejos<\/strong>, a solo unos kil\u00f3metros se alcanza la l\u00ednea fronteriza con Teruel. Para llegar all\u00ed hay que seguir la carretera escoltada por chopos que viene desde Molina de Arag\u00f3n, y que transita paralela y contraria al cauce del r\u00edo Cabrillas, atravesando la serran\u00eda. <strong>En este pueblo de alta riqueza forestal hay registrados 177 habitantes<\/strong>, un 30% menos de los que hab\u00eda en 2010. Es una sangr\u00eda. Como dice uno de ellos,  en concreto su alcaldesa: \u00abestamos en la UCI\u00bb.<\/p>\n\n\n\n<p>La edil <strong>Marta Corella<\/strong> piensa que en Orea calzan un n\u00famero de zapato que no les corresponde. Es una met\u00e1fora, claro, como muchas otras im\u00e1genes potentes que a ella le gusta utilizar cuando habla de su tierra y de lo que les  pasa. Lo de calzar grande o peque\u00f1o, en lugar de a medida, es algo que no solo sucede en su pueblo, sino en general en <strong>las decisiones que para el mundo rural se toman desde las grandes ciudades<\/strong>. \u00abLas soluciones nos  llegan impuestas\u00bb, dice Corella. Hasta hoy. La alcaldesa de Orea ha  decidido que el epicentro de la revoluci\u00f3n digital que invierta la inercia ag\u00f3nica del territorio rural est\u00e1 all\u00ed, en el coraz\u00f3n de lo que muchos conocen como Serran\u00eda Celtib\u00e9rica. Otras visiones pesimistas, aunque realistas, son las que denominan esta tierra como<strong> la Espa\u00f1a abandonada, vac\u00eda o vaciada<\/strong>. <strong>\u00abEmpezaremos la onda expansiva desde Orea\u00bb<\/strong>,  dice Corella.<\/p>\n\n\n\n<p style=\"text-align:right\"><em><a href=\"https:\/\/www.eldiario.es\/sociedad\/Espana-prepara-despoblacion-mediante-digital_0_954004910.html\" target=\"_blank\" rel=\"noreferrer noopener\" aria-label=\"...Sigue leyendo en eldiario.es (abre en una nueva pesta\u00f1a)\">&#8230;Sigue leyendo en eldiario.es<\/a><\/em><\/p>\n","protected":false},"excerpt":{"rendered":"<p>En Orea hace un fr\u00edo que pela, pero eso forma parte de su belleza. Es el pueblo m\u00e1s alto de toda Castilla-La Mancha, y desde \u00e9l se divisa el parque natural del Alto Tajo. Dos horas y media en coche separan Orea de la capital de su provincia, Guadalajara; es dif\u00edcil estar m\u00e1s lejos, a [&hellip;]<\/p>\n","protected":false},"author":1,"featured_media":2002002981,"comment_status":"closed","ping_status":"closed","sticky":false,"template":"","format":"standard","meta":{"footnotes":""},"categories":[],"tags":[],"class_list":["post-2002002980","post","type-post","status-publish","format-standard","has-post-thumbnail","hentry"],"_links":{"self":[{"href":"http:\/\/www.elenacabrera.com\/weblog3\/wp-json\/wp\/v2\/posts\/2002002980","targetHints":{"allow":["GET"]}}],"collection":[{"href":"http:\/\/www.elenacabrera.com\/weblog3\/wp-json\/wp\/v2\/posts"}],"about":[{"href":"http:\/\/www.elenacabrera.com\/weblog3\/wp-json\/wp\/v2\/types\/post"}],"author":[{"embeddable":true,"href":"http:\/\/www.elenacabrera.com\/weblog3\/wp-json\/wp\/v2\/users\/1"}],"replies":[{"embeddable":true,"href":"http:\/\/www.elenacabrera.com\/weblog3\/wp-json\/wp\/v2\/comments?post=2002002980"}],"version-history":[{"count":2,"href":"http:\/\/www.elenacabrera.com\/weblog3\/wp-json\/wp\/v2\/posts\/2002002980\/revisions"}],"predecessor-version":[{"id":2002002983,"href":"http:\/\/www.elenacabrera.com\/weblog3\/wp-json\/wp\/v2\/posts\/2002002980\/revisions\/2002002983"}],"wp:featuredmedia":[{"embeddable":true,"href":"http:\/\/www.elenacabrera.com\/weblog3\/wp-json\/wp\/v2\/media\/2002002981"}],"wp:attachment":[{"href":"http:\/\/www.elenacabrera.com\/weblog3\/wp-json\/wp\/v2\/media?parent=2002002980"}],"wp:term":[{"taxonomy":"category","embeddable":true,"href":"http:\/\/www.elenacabrera.com\/weblog3\/wp-json\/wp\/v2\/categories?post=2002002980"},{"taxonomy":"post_tag","embeddable":true,"href":"http:\/\/www.elenacabrera.com\/weblog3\/wp-json\/wp\/v2\/tags?post=2002002980"}],"curies":[{"name":"wp","href":"https:\/\/api.w.org\/{rel}","templated":true}]}}