{"id":2002002984,"date":"2019-10-25T13:13:43","date_gmt":"2019-10-25T11:13:43","guid":{"rendered":"http:\/\/www.elenacabrera.com\/weblog\/?p=2002002984"},"modified":"2019-10-28T13:26:12","modified_gmt":"2019-10-28T11:26:12","slug":"los-activistas-rematan-el-dia-de-la-exhumacion-de-franco-brindando-en-la-puerta-del-sol","status":"publish","type":"post","link":"http:\/\/www.elenacabrera.com\/weblog3\/2019\/10\/25\/los-activistas-rematan-el-dia-de-la-exhumacion-de-franco-brindando-en-la-puerta-del-sol\/","title":{"rendered":"Los activistas rematan el d\u00eda de la exhumaci\u00f3n de Franco brindando en la Puerta del Sol"},"content":{"rendered":"\n<p>El humor colectivo ha estado afilado, como siempre que se necesita, en el relato de acompa\u00f1amiento a la jornada hist\u00f3rica del 24 de octubre en el que los restos del dictador <a href=\"https:\/\/www.eldiario.es\/sociedad\/Francisco-Franco-Valle-Caidos-despues_0_955755238.html\">Francisco Franco han salido, 44 a\u00f1os despu\u00e9s de su enterramiento, del Valle de los Ca\u00eddos<\/a>.  Uno de los mejores memes lo ha proporcionado la Federaci\u00f3n Estatal de Foros por la Memoria, convocando a las ocho de la tarde de este d\u00eda en  la Puerta del Sol bajo el lema <strong>\u00abA mover el esqueleto\u00bb<\/strong>.<\/p>\n\n\n\n<figure class=\"wp-block-image\"><img loading=\"lazy\" decoding=\"async\" width=\"1000\" height=\"707\" src=\"http:\/\/www.elenacabrera.com\/weblog\/wp-content\/uploads\/cartel-a-mover-MADRID-GRAL-1000.jpg\" alt=\"\" class=\"wp-image-2002002989\" srcset=\"http:\/\/www.elenacabrera.com\/weblog3\/wp-content\/uploads\/cartel-a-mover-MADRID-GRAL-1000.jpg 1000w, http:\/\/www.elenacabrera.com\/weblog3\/wp-content\/uploads\/cartel-a-mover-MADRID-GRAL-1000-300x212.jpg 300w, http:\/\/www.elenacabrera.com\/weblog3\/wp-content\/uploads\/cartel-a-mover-MADRID-GRAL-1000-768x543.jpg 768w\" sizes=\"auto, (max-width: 1000px) 100vw, 1000px\" \/><\/figure>\n\n\n\n<p>Como  si fuera una de esas casualidades que parecen causalidades,<strong> ha querido el calendario hacer coincidir la exhumaci\u00f3n en jueves, d\u00eda que  tozudamente se re\u00fane la Ronda de la Dignidad<\/strong>, frente al edificio que en  tiempos oscuros fuera la Direcci\u00f3n General de Seguridad, en el centro de  la ciudad de Madrid. No han tenido los activistas de la memoria m\u00e1s que  enganchar su convocatoria una hora despu\u00e9s de la de la <strong>Plataforma contra la impunidad del franquismo<\/strong>, para \u00abmultiplicar por cinco\u00bb, seg\u00fan  uno de sus habituales, el n\u00famero de manifestantes. Para colmo (o no), en  el mismo sitio y a la misma hora, ha tenido lugar una concentraci\u00f3n en  apoyo al pueblo chileno, por lo que la cacerolada de unos se ha  mezclado, con una parte de solidaridad y otra de contraste, con el ruido  de los corchos de las botellas de cava.<\/p>\n\n\n\n<figure class=\"wp-block-embed-youtube wp-block-embed is-type-video is-provider-youtube wp-embed-aspect-16-9 wp-has-aspect-ratio\"><div class=\"wp-block-embed__wrapper\">\n<iframe loading=\"lazy\" title=\"A mover el esqueleto: celebraci\u00f3n por la exhumaci\u00f3n de Franco en la Puerta del Sol\" width=\"500\" height=\"281\" src=\"https:\/\/www.youtube.com\/embed\/XQVAPv5z02k?feature=oembed\" frameborder=\"0\" allow=\"accelerometer; autoplay; clipboard-write; encrypted-media; gyroscope; picture-in-picture; web-share\" referrerpolicy=\"strict-origin-when-cross-origin\" allowfullscreen><\/iframe>\n<\/div><\/figure>\n\n\n\n<p>No han faltado los brindis \u00aba la salud de la Rep\u00fablica\u00bb y, aunque el \u00e1nimo era festivo, nadie estaba del todo contento. \u00abHa sido <strong>un d\u00eda agridulce<\/strong>\u00ab, dice durante la concentraci\u00f3n <strong>Miguel \u00c1ngel Muga del Foro por la Memoria de la Comunidad de Madrid<\/strong>. \u00abHa sido una gran alegr\u00eda porque se ha conseguido uno de los objetivos del movimiento memorialista, que es la salida del dictador fascista y criminal de un lugar p\u00fablico pagado por todos los espa\u00f1oles y que es un lugar de exaltaci\u00f3n de la dictadura pero, por otro, tenemos que denunciar que el Gobierno ha hecho una instrumentaci\u00f3n pol\u00edtica de la salida de Franco, <strong>ha intentado llamar a la reconciliaci\u00f3n como si esto fuera un punto y final, y quedan muchas cosas por hacer<\/strong>\u00ab.<\/p>\n\n\n\n<p><em><a rel=\"noreferrer noopener\" aria-label=\"...Sigue leyendo en eldiario.es (abre en una nueva pesta\u00f1a)\" href=\"https:\/\/www.eldiario.es\/sociedad\/activistas-exhumacion-Franco-Puerta-Sol_0_956454348.html\" target=\"_blank\">&#8230;Sigue leyendo en eldiario.es<\/a><\/em><\/p>\n","protected":false},"excerpt":{"rendered":"<p>El humor colectivo ha estado afilado, como siempre que se necesita, en el relato de acompa\u00f1amiento a la jornada hist\u00f3rica del 24 de octubre en el que los restos del dictador Francisco Franco han salido, 44 a\u00f1os despu\u00e9s de su enterramiento, del Valle de los Ca\u00eddos. Uno de los mejores memes lo ha proporcionado la [&hellip;]<\/p>\n","protected":false},"author":1,"featured_media":2002002985,"comment_status":"closed","ping_status":"closed","sticky":false,"template":"","format":"standard","meta":{"footnotes":""},"categories":[],"tags":[],"class_list":["post-2002002984","post","type-post","status-publish","format-standard","has-post-thumbnail","hentry"],"_links":{"self":[{"href":"http:\/\/www.elenacabrera.com\/weblog3\/wp-json\/wp\/v2\/posts\/2002002984","targetHints":{"allow":["GET"]}}],"collection":[{"href":"http:\/\/www.elenacabrera.com\/weblog3\/wp-json\/wp\/v2\/posts"}],"about":[{"href":"http:\/\/www.elenacabrera.com\/weblog3\/wp-json\/wp\/v2\/types\/post"}],"author":[{"embeddable":true,"href":"http:\/\/www.elenacabrera.com\/weblog3\/wp-json\/wp\/v2\/users\/1"}],"replies":[{"embeddable":true,"href":"http:\/\/www.elenacabrera.com\/weblog3\/wp-json\/wp\/v2\/comments?post=2002002984"}],"version-history":[{"count":3,"href":"http:\/\/www.elenacabrera.com\/weblog3\/wp-json\/wp\/v2\/posts\/2002002984\/revisions"}],"predecessor-version":[{"id":2002002990,"href":"http:\/\/www.elenacabrera.com\/weblog3\/wp-json\/wp\/v2\/posts\/2002002984\/revisions\/2002002990"}],"wp:featuredmedia":[{"embeddable":true,"href":"http:\/\/www.elenacabrera.com\/weblog3\/wp-json\/wp\/v2\/media\/2002002985"}],"wp:attachment":[{"href":"http:\/\/www.elenacabrera.com\/weblog3\/wp-json\/wp\/v2\/media?parent=2002002984"}],"wp:term":[{"taxonomy":"category","embeddable":true,"href":"http:\/\/www.elenacabrera.com\/weblog3\/wp-json\/wp\/v2\/categories?post=2002002984"},{"taxonomy":"post_tag","embeddable":true,"href":"http:\/\/www.elenacabrera.com\/weblog3\/wp-json\/wp\/v2\/tags?post=2002002984"}],"curies":[{"name":"wp","href":"https:\/\/api.w.org\/{rel}","templated":true}]}}