{"id":2002002991,"date":"2019-10-24T23:26:43","date_gmt":"2019-10-24T21:26:43","guid":{"rendered":"http:\/\/www.elenacabrera.com\/weblog\/?p=2002002991"},"modified":"2019-10-28T13:30:03","modified_gmt":"2019-10-28T11:30:03","slug":"la-exhumacion-de-franco-en-casa-de-mercedes-y-nicolas-la-emocion-y-la-impaciencia-de-las-victimas-40-anos-despues","status":"publish","type":"post","link":"http:\/\/www.elenacabrera.com\/weblog3\/2019\/10\/24\/la-exhumacion-de-franco-en-casa-de-mercedes-y-nicolas-la-emocion-y-la-impaciencia-de-las-victimas-40-anos-despues\/","title":{"rendered":"La exhumaci\u00f3n de Franco en casa de Mercedes y Nicol\u00e1s: la emoci\u00f3n y la impaciencia de las v\u00edctimas, 40 a\u00f1os despu\u00e9s"},"content":{"rendered":"\n<p>De  las casi cincuenta fugas\u00a0que intentaron presos que realizaban trabajos  forzados en Cuelgamuros, la suya fue la \u00fanica que tuvo \u00e9xito. Nicol\u00e1s  S\u00e1nchez-Albornoz, junto a su amigo Manuel Lamana, escap\u00f3 de all\u00ed en 1948  tras cuatro meses en los que no pic\u00f3 piedra, sino que fue destinado a  labores administrativas. Se libraron gracias a la red de apoyo que les  facilit\u00f3 la huida a Francia. Todos los dem\u00e1s que lo intentaron, recuerda  en la ma\u00f1ana de la exhumaci\u00f3n del dictador, eran soldados republicanos  cuyo objetivo era volver a casa y ver a sus familias. No lo consiguieron.<\/p>\n\n\n\n<p>La historia est\u00e1 contada, con licencias cinematogr\u00e1ficas consentidas por el protagonista, en la pel\u00edcula de Fernando Colomo <em>Los a\u00f1os b\u00e1rbaros<\/em>.  No obstante, a S\u00e1nchez-Albornoz no le importa contarla cada vez que es  entrevistado por un medio de comunicaci\u00f3n. Solo el d\u00eda antes recibi\u00f3 en  su casa\u00a0a la BBC, Reuters, Al Jazeera, una radio de San Francisco y una  televisi\u00f3n alemana. Durante la ma\u00f1ana del traslado de los restos de Franco del Valle de los Ca\u00eddos a Mingorrubio atiende un directo de Televisi\u00f3n Espa\u00f1ola e incontables llamadas de periodistas,\u00a0y asiste, con eldiario.es, a la retransmisi\u00f3n de este traslado tan simb\u00f3lico, tan esperado.<\/p>\n\n\n\n<figure class=\"wp-block-embed-youtube wp-block-embed is-type-video is-provider-youtube wp-embed-aspect-16-9 wp-has-aspect-ratio\"><div class=\"wp-block-embed__wrapper\">\n<iframe loading=\"lazy\" title=\"Nicol\u00e1s S\u00e1nchez-Albornoz\" width=\"500\" height=\"281\" src=\"https:\/\/www.youtube.com\/embed\/w_2qPQQgSlo?feature=oembed\" frameborder=\"0\" allow=\"accelerometer; autoplay; clipboard-write; encrypted-media; gyroscope; picture-in-picture; web-share\" referrerpolicy=\"strict-origin-when-cross-origin\" allowfullscreen><\/iframe>\n<\/div><\/figure>\n\n\n\n<p>\u00abTodo esto no me interesa, lo que quiero ver es el helic\u00f3ptero\u00bb, dice el historiador mirando la pantalla dividida en ventanas que simult\u00e1neamente ense\u00f1an im\u00e1genes en las que no pasa nada \u2013la niebla que se disipa en el Valle, la puerta del cementerio de Mingorrubio, la explanada de Cuelgamuros\u2013, que conoce perfectamente \u2013un encadenado de secuencias hist\u00f3ricas del entierro del dictador o de la construcci\u00f3n del monumento\u2013 o que le dan exactamente igual: gente opinando en un plat\u00f3 de televisi\u00f3n. \u00ab\u00bfNos vamos a La 1 o nos quedamos en La Sexta?\u00bb, pregunta.<\/p>\n\n\n\n<p style=\"text-align:right\"><em><a href=\"https:\/\/www.eldiario.es\/sociedad\/exhumacion-vista-junto-victimas_0_956105270.html\" target=\"_blank\" rel=\"noreferrer noopener\" aria-label=\"...Sigue leyendo en eldiario.es (abre en una nueva pesta\u00f1a)\">&#8230;Sigue leyendo en eldiario.es<\/a><\/em><\/p>\n","protected":false},"excerpt":{"rendered":"<p>De las casi cincuenta fugas\u00a0que intentaron presos que realizaban trabajos forzados en Cuelgamuros, la suya fue la \u00fanica que tuvo \u00e9xito. Nicol\u00e1s S\u00e1nchez-Albornoz, junto a su amigo Manuel Lamana, escap\u00f3 de all\u00ed en 1948 tras cuatro meses en los que no pic\u00f3 piedra, sino que fue destinado a labores administrativas. Se libraron gracias a la [&hellip;]<\/p>\n","protected":false},"author":1,"featured_media":2002002992,"comment_status":"closed","ping_status":"closed","sticky":false,"template":"","format":"standard","meta":{"footnotes":""},"categories":[],"tags":[],"class_list":["post-2002002991","post","type-post","status-publish","format-standard","has-post-thumbnail","hentry"],"_links":{"self":[{"href":"http:\/\/www.elenacabrera.com\/weblog3\/wp-json\/wp\/v2\/posts\/2002002991","targetHints":{"allow":["GET"]}}],"collection":[{"href":"http:\/\/www.elenacabrera.com\/weblog3\/wp-json\/wp\/v2\/posts"}],"about":[{"href":"http:\/\/www.elenacabrera.com\/weblog3\/wp-json\/wp\/v2\/types\/post"}],"author":[{"embeddable":true,"href":"http:\/\/www.elenacabrera.com\/weblog3\/wp-json\/wp\/v2\/users\/1"}],"replies":[{"embeddable":true,"href":"http:\/\/www.elenacabrera.com\/weblog3\/wp-json\/wp\/v2\/comments?post=2002002991"}],"version-history":[{"count":1,"href":"http:\/\/www.elenacabrera.com\/weblog3\/wp-json\/wp\/v2\/posts\/2002002991\/revisions"}],"predecessor-version":[{"id":2002002993,"href":"http:\/\/www.elenacabrera.com\/weblog3\/wp-json\/wp\/v2\/posts\/2002002991\/revisions\/2002002993"}],"wp:featuredmedia":[{"embeddable":true,"href":"http:\/\/www.elenacabrera.com\/weblog3\/wp-json\/wp\/v2\/media\/2002002992"}],"wp:attachment":[{"href":"http:\/\/www.elenacabrera.com\/weblog3\/wp-json\/wp\/v2\/media?parent=2002002991"}],"wp:term":[{"taxonomy":"category","embeddable":true,"href":"http:\/\/www.elenacabrera.com\/weblog3\/wp-json\/wp\/v2\/categories?post=2002002991"},{"taxonomy":"post_tag","embeddable":true,"href":"http:\/\/www.elenacabrera.com\/weblog3\/wp-json\/wp\/v2\/tags?post=2002002991"}],"curies":[{"name":"wp","href":"https:\/\/api.w.org\/{rel}","templated":true}]}}