{"id":2002002995,"date":"2019-11-10T15:22:56","date_gmt":"2019-11-10T13:22:56","guid":{"rendered":"http:\/\/www.elenacabrera.com\/weblog\/?p=2002002995"},"modified":"2019-11-10T15:24:04","modified_gmt":"2019-11-10T13:24:04","slug":"un-bombero-rescata-la-historia-durmiente-de-sus-companeros-en-la-guerra-civil","status":"publish","type":"post","link":"http:\/\/www.elenacabrera.com\/weblog3\/2019\/11\/10\/un-bombero-rescata-la-historia-durmiente-de-sus-companeros-en-la-guerra-civil\/","title":{"rendered":"Un bombero rescata la historia durmiente de sus compa\u00f1eros en la Guerra Civil"},"content":{"rendered":"\n<p>En los s\u00f3tanos del parque de bomberos n\u00famero 5 de Madrid, hay unas paredes sobre las que se apoyan varias estanter\u00edas de metal y, en ellas, cientos de legajos amarillean. Por algunos de sus papeles avanzan los hongos. Estos libros, cuadernos en los que los bomberos hac\u00edan anotaciones, han dormido, callados, durante d\u00e9cadas. Juan Redondo los despert\u00f3, y estos empezaron a hablar.<\/p>\n\n\n\n<p>A Redondo le quedaban todav\u00eda cuatro a\u00f1os de servicio antes de jubilarse. Despu\u00e9s de quince en el Operativo, le ven\u00edan asignando cargos de \u201ctron\u00edo\u201d pero alejados de los coches rojos, que es lo que a \u00e9l le gusta. Trabajaba como Inspector Jefe de Coordinaci\u00f3n de los Bomberos de Madrid, por lo que pudo trajinar durante un a\u00f1o en la remodelaci\u00f3n del Museo de este cuerpo \u2014a\u00fan sin fecha de reapertura\u2014 y consultar su archivo hist\u00f3rico, que es inaccesible. Tambi\u00e9n estaba pr\u00f3ximo el fin del parque de bomberos donde estaba ubicada la Direcci\u00f3n, situado en la calle Imperial, tras la Plaza Mayor de la ciudad, cuyo edificio acabar\u00eda convertido en un hotel de lujo. Pero todav\u00eda, en esta vieja sede de trabajadores municipales, hab\u00eda una placa con nueve nombres. No es que fuera nueva, llevaba all\u00ed desde 1940, colocada por orden del alcalde franquista Alberto Alcocer, pero el d\u00eda que Juan la ley\u00f3 de otra manera, con verdadera curiosidad, se abri\u00f3 la espita que liberar\u00eda la gasolina que har\u00eda arder un fuego intenso de investigaci\u00f3n y sorpresa que le llevar\u00eda, en volandas, hasta el d\u00eda de hoy.<\/p>\n\n\n\n<figure class=\"wp-block-image\"><img loading=\"lazy\" decoding=\"async\" width=\"576\" height=\"1024\" src=\"http:\/\/www.elenacabrera.com\/weblog\/wp-content\/uploads\/Emilio_monge-e1573392071934-576x1024.jpg\" alt=\"\" class=\"wp-image-2002002997\"\/><figcaption>Retrato de Emilio Monge Botella, bombero fusilado por consejo sumar\u00edsimo por el Gobierno de Franco debido a sus \u201cideas izquierdistas y marxistas\u201d. Foto proporcionada por Juan Redondo.<\/figcaption><\/figure>\n\n\n\n<p>En los cuatro meses que lleva jubilado ha terminado de redactar un libro con toda la informaci\u00f3n que vino reuniendo en los a\u00f1os anteriores. No era el primero que escrib\u00eda. En <em>Memorias de un bombero<\/em> (2017), Redondo record\u00f3 su participaci\u00f3n en el socorro a las v\u00edctimas del 11-M y en la extinci\u00f3n del fuego de la torre Windsor. La placa en la que repar\u00f3, como <a href=\"https:\/\/www.eldiario.es\/sociedad\/Jose-Antonio-presente_0_248475769.html\">muchas que a\u00fan siguen expuestas en Espa\u00f1a<\/a>, anticipaba los nueve nombres con la frase \u201cca\u00eddos por Dios y por la patria\u201d y, tras cada uno de ellos, la palabra \u201cpresente\u201d, entre admiraciones. Es sabido que el r\u00e9gimen de Franco realiz\u00f3 este tipo de homenajes para honrar \u00fanicamente aquellos muertos que los vencedores de la Guerra Civil consideraron v\u00edctimas. Recordando solo a unos, el franquismo impon\u00eda una segunda violencia a los asesinados, fusilados, desaparecidos y represaliados del bando vencido, enterrando no solo sus cuerpos sino tambi\u00e9n sus nombres, conden\u00e1ndoles al olvido. La Asociaci\u00f3n para la Recuperaci\u00f3n de la Memoria Hist\u00f3rica viene solicitando desde hace a\u00f1os, con escaso \u00e9xito, la retirada de esta simbolog\u00eda de exaltaci\u00f3n del franquismo, situada mayormente en edificios propiedad de la Iglesia.<\/p>\n\n\n\n<p style=\"text-align:right\"><em><a href=\"https:\/\/www.eldiario.es\/sociedad\/historia-durmiente-companeros-Guerra-Civil_0_960654387.html\" target=\"_blank\" rel=\"noreferrer noopener\" aria-label=\"...Sigue leyendo en eldiario.es (abre en una nueva pesta\u00f1a)\">&#8230;Sigue leyendo en eldiario.es<\/a><\/em><\/p>\n\n\n\n<figure class=\"wp-block-image\"><img loading=\"lazy\" decoding=\"async\" width=\"1024\" height=\"683\" src=\"http:\/\/www.elenacabrera.com\/weblog\/wp-content\/uploads\/Juan-redondo-Foto-Twitter-Bomberos-de-madrid-1024x683.jpeg\" alt=\"Juan Redondo muestra uno de los libros de los cuales ha extra\u00eddo informaci\u00f3n para su investigaci\u00f3n, en el archivo hist\u00f3rico del cuerpo de Bomberos. Foto: Twitter Bomberos de Madrid.\" class=\"wp-image-2002002999\" srcset=\"http:\/\/www.elenacabrera.com\/weblog3\/wp-content\/uploads\/Juan-redondo-Foto-Twitter-Bomberos-de-madrid-1024x683.jpeg 1024w, http:\/\/www.elenacabrera.com\/weblog3\/wp-content\/uploads\/Juan-redondo-Foto-Twitter-Bomberos-de-madrid-300x200.jpeg 300w, http:\/\/www.elenacabrera.com\/weblog3\/wp-content\/uploads\/Juan-redondo-Foto-Twitter-Bomberos-de-madrid-768x512.jpeg 768w, http:\/\/www.elenacabrera.com\/weblog3\/wp-content\/uploads\/Juan-redondo-Foto-Twitter-Bomberos-de-madrid-330x220.jpeg 330w\" sizes=\"auto, (max-width: 1024px) 100vw, 1024px\" \/><figcaption>Juan Redondo muestra uno de los libros de los cuales ha extra\u00eddo informaci\u00f3n para su investigaci\u00f3n, en el archivo hist\u00f3rico del cuerpo de Bomberos. Foto: Twitter Bomberos de Madrid.<\/figcaption><\/figure>\n","protected":false},"excerpt":{"rendered":"<p>Juan Redondo, inspector jefe jubilado, ha rescatado la memoria de 70 bomberos depurados y catorce asesinados, frente a los \u00fanicos nueve que el franquismo reconoci\u00f3 como \u201cca\u00eddos por Dios y por la patria\u201d.<\/p>\n","protected":false},"author":1,"featured_media":2002002996,"comment_status":"closed","ping_status":"closed","sticky":false,"template":"","format":"standard","meta":{"footnotes":""},"categories":[],"tags":[],"class_list":["post-2002002995","post","type-post","status-publish","format-standard","has-post-thumbnail","hentry"],"_links":{"self":[{"href":"http:\/\/www.elenacabrera.com\/weblog3\/wp-json\/wp\/v2\/posts\/2002002995","targetHints":{"allow":["GET"]}}],"collection":[{"href":"http:\/\/www.elenacabrera.com\/weblog3\/wp-json\/wp\/v2\/posts"}],"about":[{"href":"http:\/\/www.elenacabrera.com\/weblog3\/wp-json\/wp\/v2\/types\/post"}],"author":[{"embeddable":true,"href":"http:\/\/www.elenacabrera.com\/weblog3\/wp-json\/wp\/v2\/users\/1"}],"replies":[{"embeddable":true,"href":"http:\/\/www.elenacabrera.com\/weblog3\/wp-json\/wp\/v2\/comments?post=2002002995"}],"version-history":[{"count":2,"href":"http:\/\/www.elenacabrera.com\/weblog3\/wp-json\/wp\/v2\/posts\/2002002995\/revisions"}],"predecessor-version":[{"id":2002003000,"href":"http:\/\/www.elenacabrera.com\/weblog3\/wp-json\/wp\/v2\/posts\/2002002995\/revisions\/2002003000"}],"wp:featuredmedia":[{"embeddable":true,"href":"http:\/\/www.elenacabrera.com\/weblog3\/wp-json\/wp\/v2\/media\/2002002996"}],"wp:attachment":[{"href":"http:\/\/www.elenacabrera.com\/weblog3\/wp-json\/wp\/v2\/media?parent=2002002995"}],"wp:term":[{"taxonomy":"category","embeddable":true,"href":"http:\/\/www.elenacabrera.com\/weblog3\/wp-json\/wp\/v2\/categories?post=2002002995"},{"taxonomy":"post_tag","embeddable":true,"href":"http:\/\/www.elenacabrera.com\/weblog3\/wp-json\/wp\/v2\/tags?post=2002002995"}],"curies":[{"name":"wp","href":"https:\/\/api.w.org\/{rel}","templated":true}]}}