{"id":2002003195,"date":"2020-03-19T21:08:36","date_gmt":"2020-03-19T19:08:36","guid":{"rendered":"http:\/\/www.elenacabrera.com\/weblog\/?p=2002003195"},"modified":"2020-03-21T21:13:09","modified_gmt":"2020-03-21T19:13:09","slug":"diario-del-coronavirus-7-viva-el-coronavirus","status":"publish","type":"post","link":"http:\/\/www.elenacabrera.com\/weblog3\/2020\/03\/19\/diario-del-coronavirus-7-viva-el-coronavirus\/","title":{"rendered":"Diario del coronavirus (7): \u201c\u00a1Viva el coronavirus!\u201d"},"content":{"rendered":"\n<p>Hoy me he pintado los labios. Ha sido emocionante. \u201c\u00bfAd\u00f3nde vas?\u201d, me pregunta Eleonor. \u201c\u00bfYo? A ning\u00fan lado\u201d, le contesto encogi\u00e9ndome de hombros. Habr\u00e1 pensado que su madre est\u00e1 loca por pintarse los labios para no salir de casa o que est\u00e1 m\u00e1s loca a\u00fan por salir a la calle a saltarse el toque de queda. Mientras me mira silenciosa en el reflejo del espejo del ba\u00f1o, y yo decido a\u00f1adirle a mi cara macilenta un toque de colorete, noto que su cabecita est\u00e1 valorando una opci\u00f3n o la otra. Sin a\u00f1adir nada m\u00e1s, sale de all\u00ed para dirigirse a su habitaci\u00f3n. Cinco minutos despu\u00e9s, vuelve. Se ha puesto uno de sus mejores vestidos, una fina chaqueta granate y las medias de nylon de Totoro que ten\u00eda por estrenar y que le hab\u00eda regalado su padre. Apunto estoy por rega\u00f1arle un poco, previendo una m\u00e1s que probable carrera en las medias nuevas, cuando decido contenerme y, en lugar de eso, abro el caj\u00f3n de los peines y le digo: \u201cquiz\u00e1 hoy s\u00ed es el d\u00eda para cepillarte el pelo\u201d.<\/p>\n\n\n\n<p>Paso la ma\u00f1ana dedic\u00e1ndole ratos al trabajo y ratos al seguimiento de sus deberes, como los d\u00edas anteriores. En una peripecia circense, que a ella le encanta, hacemos las dos cosas a la vez. Como la pantalla del ordenador es grande, puedo ponerle los ejercicios que le han mandado en un tercio y, en los otros dos, un pdf que necesito ver y un doc en el que necesito escribir. Ponemos dos sillas juntitas en la mesa del estudio y, al final, acabo dedic\u00e1ndole m\u00e1s tiempo a la reproducci\u00f3n de las plantas (<em>reproduction of the plants<\/em>, os recuerdo que os hablamos desde Madrid y aqu\u00ed hacemos a los ni\u00f1os extravagantemente biling\u00fces en<em> natural science<\/em>) que a lo m\u00edo. Yo ya sab\u00eda que esto iba a ser as\u00ed, pero hoy no tengo fuerzas para decirle que no a casi nada. Atenci\u00f3n, que aqu\u00ed viene el momento m\u00e1s dulz\u00f3n que vais a encontrar en todo este diario. \u201c\u00a1Viva el coronavirus!\u201d, grita, de golpe, mi hija. \u201c\u00bf\u00a1Pero qu\u00e9 dices, ni\u00f1a!?\u201d. El rat\u00f3n se me cae al suelo del susto. \u201cViva el coronavirus porque as\u00ed puedo pasar un mont\u00f3n de rato con mi mami. No quiero que la cuarentena se acabe jam\u00e1s, jam\u00e1s, jam\u00e1s\u201d. Ay. No me dig\u00e1is que no os lo advert\u00ed.<\/p>\n\n\n\n<p>A las dos de la tarde le digo que ya es suficiente, que la diferencia entre <em>tree, bush <\/em>y <em>grass<\/em> ha quedado clara, y que ser\u00e1 mejor levantarse para hacer la comida. Me refer\u00eda a m\u00ed, que en realidad casi buscaba un poco de aislamiento en la cocina ante este continuado ataque de mamitis, pero ella lo ha tomado como una invitaci\u00f3n. El pescado que saqu\u00e9 esta ma\u00f1ana del congelador estaba listo y pod\u00eda proceder a enharinarlo. Eleonor me manifiesta su intenci\u00f3n de ayudar habiendo metido, con la rapidez de Sonic, las manazas (perd\u00f3n, manitas) de lleno en el plato del polvo blanco, dejando caer a plomo el lomo de merluza empapado en huevo, provocando en consecuencia un peque\u00f1o hongo nuclear cuya onda se expande por su fina chaqueta granate.&nbsp;<\/p>\n\n\n\n<p>Argh. Dije que hoy no me enfadar\u00eda.<\/p>\n\n\n\n<p style=\"text-align:right\"><em><a href=\"https:\/\/www.eldiario.es\/nidos\/Viva-coronavirus_0_1006850560.html\" target=\"_blank\" rel=\"noreferrer noopener\" aria-label=\"...Sigue leyendo en eldiario.es (abre en una nueva pesta\u00f1a)\">&#8230;Sigue leyendo en eldiario.es<\/a><\/em><\/p>\n","protected":false},"excerpt":{"rendered":"<p>Hoy me he pintado los labios. Ha sido emocionante. \u201c\u00bfAd\u00f3nde vas?\u201d, me pregunta Eleonor. \u201c\u00bfYo? A ning\u00fan lado\u201d, le contesto encogi\u00e9ndome de hombros. Habr\u00e1 pensado que su madre est\u00e1 loca por pintarse los labios para no salir de casa o que est\u00e1 m\u00e1s loca a\u00fan por salir a la calle a saltarse el toque de [&hellip;]<\/p>\n","protected":false},"author":1,"featured_media":2002003196,"comment_status":"closed","ping_status":"closed","sticky":false,"template":"","format":"standard","meta":{"footnotes":""},"categories":[],"tags":[],"class_list":["post-2002003195","post","type-post","status-publish","format-standard","has-post-thumbnail","hentry"],"_links":{"self":[{"href":"http:\/\/www.elenacabrera.com\/weblog3\/wp-json\/wp\/v2\/posts\/2002003195","targetHints":{"allow":["GET"]}}],"collection":[{"href":"http:\/\/www.elenacabrera.com\/weblog3\/wp-json\/wp\/v2\/posts"}],"about":[{"href":"http:\/\/www.elenacabrera.com\/weblog3\/wp-json\/wp\/v2\/types\/post"}],"author":[{"embeddable":true,"href":"http:\/\/www.elenacabrera.com\/weblog3\/wp-json\/wp\/v2\/users\/1"}],"replies":[{"embeddable":true,"href":"http:\/\/www.elenacabrera.com\/weblog3\/wp-json\/wp\/v2\/comments?post=2002003195"}],"version-history":[{"count":1,"href":"http:\/\/www.elenacabrera.com\/weblog3\/wp-json\/wp\/v2\/posts\/2002003195\/revisions"}],"predecessor-version":[{"id":2002003197,"href":"http:\/\/www.elenacabrera.com\/weblog3\/wp-json\/wp\/v2\/posts\/2002003195\/revisions\/2002003197"}],"wp:featuredmedia":[{"embeddable":true,"href":"http:\/\/www.elenacabrera.com\/weblog3\/wp-json\/wp\/v2\/media\/2002003196"}],"wp:attachment":[{"href":"http:\/\/www.elenacabrera.com\/weblog3\/wp-json\/wp\/v2\/media?parent=2002003195"}],"wp:term":[{"taxonomy":"category","embeddable":true,"href":"http:\/\/www.elenacabrera.com\/weblog3\/wp-json\/wp\/v2\/categories?post=2002003195"},{"taxonomy":"post_tag","embeddable":true,"href":"http:\/\/www.elenacabrera.com\/weblog3\/wp-json\/wp\/v2\/tags?post=2002003195"}],"curies":[{"name":"wp","href":"https:\/\/api.w.org\/{rel}","templated":true}]}}