{"id":2002003203,"date":"2020-03-20T21:17:26","date_gmt":"2020-03-20T19:17:26","guid":{"rendered":"http:\/\/www.elenacabrera.com\/weblog\/?p=2002003203"},"modified":"2020-03-21T21:17:42","modified_gmt":"2020-03-21T19:17:42","slug":"diario-del-coronavirus-8-se-fastidio-el-plan-de-la-azotea","status":"publish","type":"post","link":"http:\/\/www.elenacabrera.com\/weblog3\/2020\/03\/20\/diario-del-coronavirus-8-se-fastidio-el-plan-de-la-azotea\/","title":{"rendered":"Diario del coronavirus (8): Se fastidi\u00f3 el plan de la azotea"},"content":{"rendered":"\n<p>Despu\u00e9s de escuchar las emp\u00e1ticas declaraciones institucionales del presidente S\u00e1nchez, me he dado cuenta de que he fracasado como presidenta de mi comunidad de vecinos. Me temo que les he abandonado en estos duros momentos. Tomando nota de su tono firme pero esperanzador, propositivo pero agradecido, emocionado pero contenido, he decidido hacer una declaraci\u00f3n institucional y pincharla en el tablero del portal.<\/p>\n\n\n\n<p>Me enfrent\u00e9 al folio en blanco con la misma inquietud con que lo hago en este diario: \u00bfqu\u00e9 deber\u00eda decirles, que sirva para algo? Alberto me ayud\u00f3 en eso. Me dijo que ser\u00eda bueno que nos ofreci\u00e9ramos a hacer recados a los que no se atrevieran a bajar a la calle. Me he dado cuenta de que en eso llevamos una semana de retraso con otras comunidades y que, de haber alguien en esa situaci\u00f3n, deb\u00eda de llevar d\u00edas comi\u00e9ndose las cortinas a palo seco. Pero no estaba de m\u00e1s. Junto al piso y letra de mi casa, dej\u00e9 un espacio en blanco para que otros vecinos solidarios apuntaran sus pisos. Por otro lado, quiz\u00e1 ser\u00eda bueno saber, dije con tacto y educaci\u00f3n, si hubiera alg\u00fan positivo en la finca, para redoblar la limpieza y desinfecci\u00f3n de las zonas comunes.<\/p>\n\n\n\n<p>Dud\u00e9 si firmar el escrito con un \u201c\u00a1unidas podemos!\u201d pero tem\u00ed que me lo interpretaran de manera partidista y a fin de cuentas yo estaba ah\u00ed por turno y no por designaci\u00f3n popular. Finalmente, me decid\u00ed por un escueto \u201c\u00a1mucho \u00e1nimo!\u201d, muy lejos de las grandes consignas \u00e9picas con las que riega el presidente sus \u00faltimos discursos. Cuando baj\u00e9 a tirar la basura, dict\u00e9 mi bando public\u00e1ndolo en el tabl\u00f3n con una chincheta verde. Un rato despu\u00e9s, Alberto me pregunt\u00f3: \u201cpero una cosa, \u00bfqueda alguien en el edificio?\u201d. La verdad es que hemos sufrido muchas bajas desde que empez\u00f3 el confinamiento. Bastantes vecinos han desaparecido con bomba de humo o permanecen muy silenciosos, arrinconados y quietos. De todas formas, he cumplido con mi deber y puntualmente seguir\u00e9 informando a mi comunidad (me lean o no) de las novedades en materia de infraestructura, sanidad y cuidados que nos ata\u00f1en.<\/p>\n\n\n\n<p style=\"text-align:right\"><em><a href=\"https:\/\/www.eldiario.es\/nidos\/fastidio-plan-azotea_0_1007200479.html\" target=\"_blank\" rel=\"noreferrer noopener\" aria-label=\"...Sigue leyendo en eldiario.es (abre en una nueva pesta\u00f1a)\">&#8230;Sigue leyendo en eldiario.es<\/a><\/em><\/p>\n","protected":false},"excerpt":{"rendered":"<p>Despu\u00e9s de escuchar las emp\u00e1ticas declaraciones institucionales del presidente S\u00e1nchez, me he dado cuenta de que he fracasado como presidenta de mi comunidad de vecinos. Me temo que les he abandonado en estos duros momentos. Tomando nota de su tono firme pero esperanzador, propositivo pero agradecido, emocionado pero contenido, he decidido hacer una declaraci\u00f3n institucional [&hellip;]<\/p>\n","protected":false},"author":1,"featured_media":2002003204,"comment_status":"closed","ping_status":"closed","sticky":false,"template":"","format":"standard","meta":{"footnotes":""},"categories":[],"tags":[],"class_list":["post-2002003203","post","type-post","status-publish","format-standard","has-post-thumbnail","hentry"],"_links":{"self":[{"href":"http:\/\/www.elenacabrera.com\/weblog3\/wp-json\/wp\/v2\/posts\/2002003203","targetHints":{"allow":["GET"]}}],"collection":[{"href":"http:\/\/www.elenacabrera.com\/weblog3\/wp-json\/wp\/v2\/posts"}],"about":[{"href":"http:\/\/www.elenacabrera.com\/weblog3\/wp-json\/wp\/v2\/types\/post"}],"author":[{"embeddable":true,"href":"http:\/\/www.elenacabrera.com\/weblog3\/wp-json\/wp\/v2\/users\/1"}],"replies":[{"embeddable":true,"href":"http:\/\/www.elenacabrera.com\/weblog3\/wp-json\/wp\/v2\/comments?post=2002003203"}],"version-history":[{"count":1,"href":"http:\/\/www.elenacabrera.com\/weblog3\/wp-json\/wp\/v2\/posts\/2002003203\/revisions"}],"predecessor-version":[{"id":2002003205,"href":"http:\/\/www.elenacabrera.com\/weblog3\/wp-json\/wp\/v2\/posts\/2002003203\/revisions\/2002003205"}],"wp:featuredmedia":[{"embeddable":true,"href":"http:\/\/www.elenacabrera.com\/weblog3\/wp-json\/wp\/v2\/media\/2002003204"}],"wp:attachment":[{"href":"http:\/\/www.elenacabrera.com\/weblog3\/wp-json\/wp\/v2\/media?parent=2002003203"}],"wp:term":[{"taxonomy":"category","embeddable":true,"href":"http:\/\/www.elenacabrera.com\/weblog3\/wp-json\/wp\/v2\/categories?post=2002003203"},{"taxonomy":"post_tag","embeddable":true,"href":"http:\/\/www.elenacabrera.com\/weblog3\/wp-json\/wp\/v2\/tags?post=2002003203"}],"curies":[{"name":"wp","href":"https:\/\/api.w.org\/{rel}","templated":true}]}}