{"id":2002003210,"date":"2020-03-22T21:30:08","date_gmt":"2020-03-22T19:30:08","guid":{"rendered":"http:\/\/www.elenacabrera.com\/weblog\/?p=2002003210"},"modified":"2020-03-24T21:32:26","modified_gmt":"2020-03-24T19:32:26","slug":"diario-del-coronavirus-10-la-teniente-ripley-no-tendria-miedo","status":"publish","type":"post","link":"http:\/\/www.elenacabrera.com\/weblog3\/2020\/03\/22\/diario-del-coronavirus-10-la-teniente-ripley-no-tendria-miedo\/","title":{"rendered":"Diario del coronavirus (10): La teniente Ripley no tendr\u00eda miedo"},"content":{"rendered":"\n<p>Para saber cu\u00e1ndo fue <a href=\"https:\/\/www.eldiario.es\/nidos\/Bailes-palaciegos-supermercado_0_1006149977.html\">el \u00faltimo (y \u00fanico) d\u00eda<\/a> que hab\u00eda salido de casa durante el estado de alarma, he tenido que buscarlo <a href=\"https:\/\/www.eldiario.es\/temas\/diario_del_coronavirus\/\">en las entradas de este diario<\/a>. Cuando quise contarle al charcutero que llevaba no s\u00e9 cu\u00e1ntos d\u00edas sin salir, me di cuenta de que era literal: no sab\u00eda cu\u00e1ntos eran. En el confinamiento, todos los d\u00edas parecen iguales.<\/p>\n\n\n\n<p>Prob\u00e9 un n\u00famero al azar: \u201csiete u ocho\u201d, dije. Y qu\u00e9 va, estaba exagerando. Eran seis, ahora que los cuento. Como Alberto sale todos los d\u00edas para ir a trabajar, es \u00e9l el que hace una parada r\u00e1pida en el supermercado cuando lo necesitamos. Pero en su d\u00eda de libranza, dije que yo me encargar\u00eda. \u201cEs bueno que salgas, as\u00ed ves por ti misma c\u00f3mo est\u00e1n las cosas\u201d, me dijo Alberto, aunque en esas palabras yo cre\u00ed escuchar un \u201ca ver si cuentas en tu diario algo que hayas visto por ti misma en lugar de rajar lo que te cuentan tus amigas por los chats\u201d. Alberto me hab\u00eda mandado un pdf con los protocolos de salida y entrada de casa, que me estudi\u00e9 el d\u00eda antes de acometer mi misi\u00f3n. Cosas importantes que dice el protocolo en cuesti\u00f3n de vestuario: chaqueta de manga larga (ok), no llevar aretes ni pulseras (jam\u00e1s), ni anillos (vale) y recogerse el pelo (en el dibujo sale una se\u00f1ora con mo\u00f1o, as\u00ed que yo hago lo mismo). Luego est\u00e1 el asunto de la mascarilla. No dejo de recibir informaciones contradictorias. Seguimos teniendo seis mascarillas quir\u00fargicas en casa pero ya me han dicho en varias ocasiones que no evitan el contagio. El protocolo a\u00f1ade tambi\u00e9n llevar \u201cpa\u00f1os desechables para cubrir los dedos al tocar superficies\u201d. Me cuesta hacerme a la idea de qu\u00e9 es exactamente un \u201cpa\u00f1o desechable\u201d&#8230;, quiz\u00e1 podr\u00eda haber llevado un paquete de pa\u00f1uelos de papel&#8230;, pero me olvid\u00e9. Lo ideal habr\u00eda sido tener guantes, pero no es el caso. Era tan vergonzosa la cantidad de cientos de guantes de latex y nitrilo que he usado y he desechado en mi vida, debido a mil piel at\u00f3pica, que desde hace dos a\u00f1os intento apa\u00f1arme con otro tipo m\u00e1s duradero. Ahora que los guantes est\u00e1n agotados en las farmacias, cu\u00e1nto he lamentado no tener una caja. Lo que me lleva a pensar en las toneladas de residuos que debe estar generando esta crisis.<\/p>\n\n\n\n<p>Cuando estoy preparada, con el mo\u00f1o y la chaqueta de manga larga, me doy cuenta de que me da miedo salir. De que no quiero salir.<\/p>\n\n\n\n<p style=\"text-align:right\"><em><a href=\"https:\/\/www.eldiario.es\/nidos\/teniente-Ripley-miedo_0_1008249662.html\" target=\"_blank\" rel=\"noreferrer noopener\" aria-label=\"...Sigue leyendo en eldiario.es (abre en una nueva pesta\u00f1a)\">&#8230;Sigue leyendo en eldiario.es<\/a><\/em><\/p>\n","protected":false},"excerpt":{"rendered":"<p>Para saber cu\u00e1ndo fue el \u00faltimo (y \u00fanico) d\u00eda que hab\u00eda salido de casa durante el estado de alarma, he tenido que buscarlo en las entradas de este diario. Cuando quise contarle al charcutero que llevaba no s\u00e9 cu\u00e1ntos d\u00edas sin salir, me di cuenta de que era literal: no sab\u00eda cu\u00e1ntos eran. En el [&hellip;]<\/p>\n","protected":false},"author":1,"featured_media":2002003212,"comment_status":"closed","ping_status":"closed","sticky":false,"template":"","format":"standard","meta":{"footnotes":""},"categories":[],"tags":[],"class_list":["post-2002003210","post","type-post","status-publish","format-standard","has-post-thumbnail","hentry"],"_links":{"self":[{"href":"http:\/\/www.elenacabrera.com\/weblog3\/wp-json\/wp\/v2\/posts\/2002003210","targetHints":{"allow":["GET"]}}],"collection":[{"href":"http:\/\/www.elenacabrera.com\/weblog3\/wp-json\/wp\/v2\/posts"}],"about":[{"href":"http:\/\/www.elenacabrera.com\/weblog3\/wp-json\/wp\/v2\/types\/post"}],"author":[{"embeddable":true,"href":"http:\/\/www.elenacabrera.com\/weblog3\/wp-json\/wp\/v2\/users\/1"}],"replies":[{"embeddable":true,"href":"http:\/\/www.elenacabrera.com\/weblog3\/wp-json\/wp\/v2\/comments?post=2002003210"}],"version-history":[{"count":1,"href":"http:\/\/www.elenacabrera.com\/weblog3\/wp-json\/wp\/v2\/posts\/2002003210\/revisions"}],"predecessor-version":[{"id":2002003211,"href":"http:\/\/www.elenacabrera.com\/weblog3\/wp-json\/wp\/v2\/posts\/2002003210\/revisions\/2002003211"}],"wp:featuredmedia":[{"embeddable":true,"href":"http:\/\/www.elenacabrera.com\/weblog3\/wp-json\/wp\/v2\/media\/2002003212"}],"wp:attachment":[{"href":"http:\/\/www.elenacabrera.com\/weblog3\/wp-json\/wp\/v2\/media?parent=2002003210"}],"wp:term":[{"taxonomy":"category","embeddable":true,"href":"http:\/\/www.elenacabrera.com\/weblog3\/wp-json\/wp\/v2\/categories?post=2002003210"},{"taxonomy":"post_tag","embeddable":true,"href":"http:\/\/www.elenacabrera.com\/weblog3\/wp-json\/wp\/v2\/tags?post=2002003210"}],"curies":[{"name":"wp","href":"https:\/\/api.w.org\/{rel}","templated":true}]}}