{"id":2002003213,"date":"2020-03-23T21:32:43","date_gmt":"2020-03-23T19:32:43","guid":{"rendered":"http:\/\/www.elenacabrera.com\/weblog\/?p=2002003213"},"modified":"2020-03-24T21:34:54","modified_gmt":"2020-03-24T19:34:54","slug":"diario-del-coronavirus-11-en-la-casa-se-exacerban-los-sentimientos","status":"publish","type":"post","link":"http:\/\/www.elenacabrera.com\/weblog3\/2020\/03\/23\/diario-del-coronavirus-11-en-la-casa-se-exacerban-los-sentimientos\/","title":{"rendered":"Diario del coronavirus (11): En la casa se exacerban los sentimientos"},"content":{"rendered":"\n<p>La semana pasada, cuando se puso el foco en las compras desquiciadas y el desabastecimiento de los supermercados, escuch\u00e9 en la radio una entrevista a una persona que representaba alg\u00fan tipo de coalici\u00f3n del comercio. La locutora le pregunt\u00f3 acerca de los art\u00edculos que se agotaban con mayor rapidez, adem\u00e1s del papel higi\u00e9nico, a lo que el entrevistado respondi\u00f3 \u201cno tiene ning\u00fan sentido, pero otro producto que escasea es la harina, como si nos dedic\u00e1ramos a hornear panes en casa, como antiguamente, cuando en realidad ya no sabemos hacer pan\u201d. Lo escribo de memoria pero sus palabras fueron m\u00e1s o menos estas, a las que a\u00f1adi\u00f3 una explicaci\u00f3n de c\u00f3mo la compra masiva de papel higi\u00e9nico y de harina respond\u00edan en realidad a impulsos psicol\u00f3gicos y no a verdaderas necesidades. Me gustar\u00eda contestar a este se\u00f1or que, respecto al papel higi\u00e9nico, tiene raz\u00f3n, pero de la extrema importancia de la harina durante el estado de alarma lo sabe cualquiera que tiene hijos e hijas peque\u00f1as: \u201c\u00bfhacemos galletas?\u201d son las dos palabras m\u00e1s poderosas para despegar a los peque\u00f1os de la televisi\u00f3n. Tengo fotos de galletas, bizcochos y tartas reci\u00e9n horneadas en pr\u00e1cticamente todos mis chats.<\/p>\n\n\n\n<p>Hoy Eleonor ten\u00eda un humor de perros, se enfad\u00f3 varias veces conmigo por tonter\u00edas, m\u00e1s por ganas de cabrearse y sacar la rabia por alg\u00fan lado que por otra cosa. O eso me pareci\u00f3. Solo quer\u00eda ver series y pel\u00edculas, cosa que hizo durante algunas horas. Cuando dijo que no hab\u00eda ninguna otra cosa en la vida que quisiera hacer, dije las palabras m\u00e1gicas, y quince minutos despu\u00e9s est\u00e1bamos en la cocina amasando la harina con el huevo.\u00a0<\/p>\n\n\n\n<figure class=\"wp-block-image\"><img loading=\"lazy\" decoding=\"async\" width=\"959\" height=\"1024\" src=\"http:\/\/www.elenacabrera.com\/weblog\/wp-content\/uploads\/IMG-20200320-WA0003-959x1024.jpg\" alt=\"\" class=\"wp-image-2002003214\" srcset=\"http:\/\/www.elenacabrera.com\/weblog3\/wp-content\/uploads\/IMG-20200320-WA0003-959x1024.jpg 959w, http:\/\/www.elenacabrera.com\/weblog3\/wp-content\/uploads\/IMG-20200320-WA0003-281x300.jpg 281w, http:\/\/www.elenacabrera.com\/weblog3\/wp-content\/uploads\/IMG-20200320-WA0003-768x820.jpg 768w, http:\/\/www.elenacabrera.com\/weblog3\/wp-content\/uploads\/IMG-20200320-WA0003.jpg 1498w\" sizes=\"auto, (max-width: 959px) 100vw, 959px\" \/><\/figure>\n\n\n\n<p>En el confinamiento, los detalles se magnifican, como ya sab\u00edamos por Gran Hermano. En casa de mi amiga M. pas\u00f3 algo imprevisible, desconcertante, inquietante, b\u00e1rbaro, prodigioso, sobrenatural: Steven se present\u00f3 en su casa. No estaba claro si lo hizo por propia voluntad \u2014un plan previamente trazado por Steven\u2014 o fue algo azaroso. M. se dispon\u00eda a hacer una ensalada, para la que sac\u00f3 una lechuga de la nevera, que hab\u00eda comprado hac\u00eda varios d\u00edas. Al ponerla sobre la encimera, Steven, contento, decidi\u00f3 dar un paso adelante y asom\u00f3 los cuernos lentamente entre las hojas, estirando el cuello. El grito de M. podr\u00eda haberlo o\u00eddo yo desde mi casa si hubiera estado atenta. Su hija acudi\u00f3 a la cocina alarmada. \u201c\u00a1Es un caracol!\u201d, dijo M. \u201cLo adoptaremos y le llamaremos Steven\u201d, dijo la ni\u00f1a. A M. le daba asco Steven pero, a estas alturas, \u00bfqui\u00e9n le niega nada a una ni\u00f1a de 8 a\u00f1os metida en un piso durante diez d\u00edas? Esa misma noche, el padre aprovech\u00f3 cuando la peque\u00f1a se hab\u00eda quedado dormida para sacar a Steven del tupper en el que ahora viv\u00eda y hacerle una foto, con la idea de perpetrar un meme (el cual incorporo a este diario). Durante la sesi\u00f3n fotogr\u00e1fica, Steven se escap\u00f3. El padre, desesperado, fue a buscar a M. para explicarle que Steven hab\u00eda hu\u00eddo. Con un cl\u00e1sico \u201ca que voy yo y lo encuentro\u201d (esto no s\u00e9 si lo dijo, pero no me imagino que sucediera de otra manera), M. se levant\u00f3 de la cama y empezaron a llamarlo a gritos por toda la cocina, hasta que apareci\u00f3, lej\u00edsimos. \u201cSi no lo llegamos a encontrar, ma\u00f1ana habr\u00eda habido l\u00e1grimas\u201d, dice M. Por no hablar de que a su marido se le habr\u00eda ca\u00eddo el pelo. M. y su familia fantasean con que sacan a Steven a pasear a la calle. Hoy le he preguntado como sigue. me cuenta que bien, que est\u00e1 en su tupper, que le limpian las cacas, que le ponen comida, que no le sacan al sol porque est\u00e1 nublado. \u201cSentimientos exacerbados\u201d, que dec\u00edan en aquel programa de televisi\u00f3n.<\/p>\n\n\n\n<p style=\"text-align:right\">.<em><a href=\"https:\/\/www.eldiario.es\/nidos\/casa-exacerban-sentimientos_0_1008599674.html\" target=\"_blank\" rel=\"noreferrer noopener\" aria-label=\"..sigue leyendo en eldiario.es (abre en una nueva pesta\u00f1a)\">..sigue leyendo en eldiario.es<\/a><\/em><\/p>\n","protected":false},"excerpt":{"rendered":"<p>La semana pasada, cuando se puso el foco en las compras desquiciadas y el desabastecimiento de los supermercados, escuch\u00e9 en la radio una entrevista a una persona que representaba alg\u00fan tipo de coalici\u00f3n del comercio. La locutora le pregunt\u00f3 acerca de los art\u00edculos que se agotaban con mayor rapidez, adem\u00e1s del papel higi\u00e9nico, a lo [&hellip;]<\/p>\n","protected":false},"author":1,"featured_media":2002003215,"comment_status":"closed","ping_status":"closed","sticky":false,"template":"","format":"standard","meta":{"footnotes":""},"categories":[],"tags":[],"class_list":["post-2002003213","post","type-post","status-publish","format-standard","has-post-thumbnail","hentry"],"_links":{"self":[{"href":"http:\/\/www.elenacabrera.com\/weblog3\/wp-json\/wp\/v2\/posts\/2002003213","targetHints":{"allow":["GET"]}}],"collection":[{"href":"http:\/\/www.elenacabrera.com\/weblog3\/wp-json\/wp\/v2\/posts"}],"about":[{"href":"http:\/\/www.elenacabrera.com\/weblog3\/wp-json\/wp\/v2\/types\/post"}],"author":[{"embeddable":true,"href":"http:\/\/www.elenacabrera.com\/weblog3\/wp-json\/wp\/v2\/users\/1"}],"replies":[{"embeddable":true,"href":"http:\/\/www.elenacabrera.com\/weblog3\/wp-json\/wp\/v2\/comments?post=2002003213"}],"version-history":[{"count":1,"href":"http:\/\/www.elenacabrera.com\/weblog3\/wp-json\/wp\/v2\/posts\/2002003213\/revisions"}],"predecessor-version":[{"id":2002003216,"href":"http:\/\/www.elenacabrera.com\/weblog3\/wp-json\/wp\/v2\/posts\/2002003213\/revisions\/2002003216"}],"wp:featuredmedia":[{"embeddable":true,"href":"http:\/\/www.elenacabrera.com\/weblog3\/wp-json\/wp\/v2\/media\/2002003215"}],"wp:attachment":[{"href":"http:\/\/www.elenacabrera.com\/weblog3\/wp-json\/wp\/v2\/media?parent=2002003213"}],"wp:term":[{"taxonomy":"category","embeddable":true,"href":"http:\/\/www.elenacabrera.com\/weblog3\/wp-json\/wp\/v2\/categories?post=2002003213"},{"taxonomy":"post_tag","embeddable":true,"href":"http:\/\/www.elenacabrera.com\/weblog3\/wp-json\/wp\/v2\/tags?post=2002003213"}],"curies":[{"name":"wp","href":"https:\/\/api.w.org\/{rel}","templated":true}]}}