{"id":2002003218,"date":"2020-03-25T17:09:23","date_gmt":"2020-03-25T15:09:23","guid":{"rendered":"http:\/\/www.elenacabrera.com\/weblog\/?p=2002003218"},"modified":"2020-04-03T17:12:16","modified_gmt":"2020-04-03T15:12:16","slug":"diario-del-coronavirus-12-en-peligro-de-contagio-de-erte","status":"publish","type":"post","link":"http:\/\/www.elenacabrera.com\/weblog3\/2020\/03\/25\/diario-del-coronavirus-12-en-peligro-de-contagio-de-erte\/","title":{"rendered":"Diario del coronavirus (12): En peligro de contagio de ERTE"},"content":{"rendered":"\n<p>Hay palabras que se vuelven tenebrosas, secas y oscuras. \u201cCoronavirus\u201d ser\u00eda una de ellas, si no fuera porque se est\u00e1 combatiendo el miedo con uni\u00f3n y con humor. En mi memoria infantil, \u201ccolza\u201d es una palabra que jam\u00e1s fue contrarrestada, que sencillamente produc\u00eda escalofr\u00edo y muerte. \u201cERTE\u201d ha adquirido, de golpe y tan r\u00e1pido como se esparce un virus, esa misma tonalidad, ese mismo aliento g\u00e9lido de algo terrible que est\u00e1 por suceder. Al igual que hemos tenido personas contagiadas cada vez m\u00e1s cerca, la amenaza del ERTE tambi\u00e9n se ha ido aproximando, cabalgando con rapidez hacia nosotros. Cuando la hemos visto aparecer en nuestros grupos laborales, nos ha pillado sin mascarilla.<\/p>\n\n\n\n<p>Por ahora, todo son especulaciones, pero es as\u00ed como se aproxima este bicho: alguien lo deja caer. Y te vas haciendo a la idea de que te puede tocar. S\u00e9 que ERTE lleva una T de temporal, pero ya os digo que, ahora mismo, veo borroso hacia el futuro. \u201cHuele a ERTE\u201d, decimos estos d\u00edas, y es un olor a pantuflas, a caldo recalentado, a caf\u00e9 recolado. Hacemos cuentas para saber c\u00f3mo quedar\u00eda un 70% de los sueldos y no hace falta la calculadora para saber que me va a quedar m\u00e1s justo que el vestido que me compr\u00e9 hace 20 a\u00f1os y que a\u00fan me empe\u00f1o en ponerme en las bodas. Tambi\u00e9n nos decimos otra cosa: no podemos agobiarnos por lo que todav\u00eda no ha llegado. En la cuarentena del coronavirus vivimos d\u00eda a d\u00eda. Abro mi agenda y veo que hab\u00eda apuntado, en la p\u00e1gina del pr\u00f3ximo mi\u00e9rcoles 25 de marzo: \u201cvuelta al cole\u201d. Lo veo y me da la llantorrisa. A Eleonor todav\u00eda no le he dicho que el Gobierno ha prolongado 15 d\u00edas m\u00e1s el estado de alarma pero he preferido pasar por encima de ese tema porque, a fin de cuentas, ella ya se ha instalado en un tiempo indefinido, en un d\u00eda a d\u00eda en el que no hacemos planes para ma\u00f1ana ni apuntamos nada en la agenda. El blog del colegio ha dejado de mandar tareas diarias y las programa semanalmente, creo que eso sirve bien de ejemplo para redimensionar la escala de esta emergencia.<\/p>\n\n\n\n<p>Parece que el cambio en la frecuencia de la comunicaci\u00f3n sucedi\u00f3 gracias a que un padre de la clase de mi hija escribi\u00f3 un email a las profesoras admitiendo que estaban \u201ctotalmente desbordados\u201d. Supongo que no quer\u00edamos admitirlo, al menos, yo. Me quej\u00e9 en los chats, me quej\u00e9 en este diario, me quej\u00e9 hasta a la vecina del balc\u00f3n de al lado, profesora de Primaria, al finalizar unos aplausos. Pero no me quej\u00e9 al colegio porque no quer\u00eda admitir que estamos, de verdad, totalmente desbordados. Supongo que depende de las circunstancias, que las personas que no est\u00e1n trabajando ni teletrabajando, con ERTE o de baja, pero sanos, pueden dedicarse a disfrutar de sus hijos, a educarlos y a jugar mucho. No es nuestro caso. Adem\u00e1s, algunos d\u00edas el cansancio y el des\u00e1nimo hacen mella y no hay galletas que lo levanten. Hoy ten\u00eda mucho que hacer delante del ordenador y ha sido mi hija la que ha venido a darme un ultim\u00e1tum: \u201ctienes hasta las siete y media para escribir tu entrada en eldiario, ni un minuto m\u00e1s\u201d.\u00a0<\/p>\n\n\n\n<p style=\"text-align:right\"><em><a href=\"https:\/\/www.eldiario.es\/nidos\/peligro-contagio-ERTE_0_1008950143.html\" target=\"_blank\" rel=\"noreferrer noopener\" aria-label=\"Sigue leyendo en eldiario.es (abre en una nueva pesta\u00f1a)\">Sigue leyendo en eldiario.es<\/a><\/em><\/p>\n","protected":false},"excerpt":{"rendered":"<p>Hay palabras que se vuelven tenebrosas, secas y oscuras. \u201cCoronavirus\u201d ser\u00eda una de ellas, si no fuera porque se est\u00e1 combatiendo el miedo con uni\u00f3n y con humor. En mi memoria infantil, \u201ccolza\u201d es una palabra que jam\u00e1s fue contrarrestada, que sencillamente produc\u00eda escalofr\u00edo y muerte. \u201cERTE\u201d ha adquirido, de golpe y tan r\u00e1pido como [&hellip;]<\/p>\n","protected":false},"author":1,"featured_media":2002003219,"comment_status":"closed","ping_status":"closed","sticky":false,"template":"","format":"standard","meta":{"footnotes":""},"categories":[],"tags":[],"class_list":["post-2002003218","post","type-post","status-publish","format-standard","has-post-thumbnail","hentry"],"_links":{"self":[{"href":"http:\/\/www.elenacabrera.com\/weblog3\/wp-json\/wp\/v2\/posts\/2002003218","targetHints":{"allow":["GET"]}}],"collection":[{"href":"http:\/\/www.elenacabrera.com\/weblog3\/wp-json\/wp\/v2\/posts"}],"about":[{"href":"http:\/\/www.elenacabrera.com\/weblog3\/wp-json\/wp\/v2\/types\/post"}],"author":[{"embeddable":true,"href":"http:\/\/www.elenacabrera.com\/weblog3\/wp-json\/wp\/v2\/users\/1"}],"replies":[{"embeddable":true,"href":"http:\/\/www.elenacabrera.com\/weblog3\/wp-json\/wp\/v2\/comments?post=2002003218"}],"version-history":[{"count":2,"href":"http:\/\/www.elenacabrera.com\/weblog3\/wp-json\/wp\/v2\/posts\/2002003218\/revisions"}],"predecessor-version":[{"id":2002003221,"href":"http:\/\/www.elenacabrera.com\/weblog3\/wp-json\/wp\/v2\/posts\/2002003218\/revisions\/2002003221"}],"wp:featuredmedia":[{"embeddable":true,"href":"http:\/\/www.elenacabrera.com\/weblog3\/wp-json\/wp\/v2\/media\/2002003219"}],"wp:attachment":[{"href":"http:\/\/www.elenacabrera.com\/weblog3\/wp-json\/wp\/v2\/media?parent=2002003218"}],"wp:term":[{"taxonomy":"category","embeddable":true,"href":"http:\/\/www.elenacabrera.com\/weblog3\/wp-json\/wp\/v2\/categories?post=2002003218"},{"taxonomy":"post_tag","embeddable":true,"href":"http:\/\/www.elenacabrera.com\/weblog3\/wp-json\/wp\/v2\/tags?post=2002003218"}],"curies":[{"name":"wp","href":"https:\/\/api.w.org\/{rel}","templated":true}]}}