{"id":2002003225,"date":"2020-03-27T17:14:43","date_gmt":"2020-03-27T15:14:43","guid":{"rendered":"http:\/\/www.elenacabrera.com\/weblog\/?p=2002003225"},"modified":"2020-04-03T17:19:43","modified_gmt":"2020-04-03T15:19:43","slug":"diario-del-coronavirus-14-medicina-contra-el-terribilismo","status":"publish","type":"post","link":"http:\/\/www.elenacabrera.com\/weblog3\/2020\/03\/27\/diario-del-coronavirus-14-medicina-contra-el-terribilismo\/","title":{"rendered":"Diario del coronavirus (14): Medicina contra el \u2018terribilismo\u2019"},"content":{"rendered":"\n<p>Recordar\u00e1n mis sufridos lectores que con el coronavirus ya encima pero antes de que se decretara el estado de alarma, no me qued\u00f3 m\u00e1s remedio que<a href=\"https:\/\/www.eldiario.es\/nidos\/virus-sigue-Wallapop_0_1005450464.html\"> acudir a mi m\u00e9dico de cabecera<\/a> por una crisis de irritaci\u00f3n intestinal. Tengo todo el repertorio de enfermedades som\u00e1ticas que se me pueden ocurrir: dermatitis at\u00f3pica, ca\u00edda del pelo, ansiedad y s\u00edndrome del colon irritable. Aunque seguro que hay alguna m\u00e1s que todav\u00eda no he catado y que ah\u00ed est\u00e1, agazapada, esper\u00e1ndome. Probablemente no soy la persona m\u00e1s relajada del mundo. Tampoco es que sea nerviosa. Digamos que me atormento m\u00e1s de la cuenta.<\/p>\n\n\n\n<p>Por otro lado, \u00bfc\u00f3mo no somatizar enfermedades con estos escenarios catastr\u00f3ficos en los que vivimos? Desde la autoexigencia como madre y periodista en equilibrio precario hasta la vida en el estado de alerta, pasando por el sufrimiento animal, las relaciones familiares, las apariencias sociales, la necesidad de estar permanente informada, los residuos que se nos van de las manos, el capitalismo que aprieta, el envejecimiento, el miedo a la muerte y todos los libros que no me da tiempo a leer. Por resumir un poco. Supongo que a muchos y a muchas os es familiar.<\/p>\n\n\n\n<p>El caso es que, en estos d\u00edas, el dolor ha estado yendo y viniendo. La verdad es que aquella copa de vino que me tom\u00e9 tras <a href=\"https:\/\/www.eldiario.es\/nidos\/teniente-Ripley-miedo_0_1008249662.html\">la involuntaria sugerencia del charcutero<\/a>, no ha ayudado. Dec\u00eda una amiga en Twitter, y otra la secundaba, que extra\u00f1amente a lo que habr\u00eda imaginado, durante el confinamiento no le apetece beber. Que se imagina m\u00e1s tomando unas ca\u00f1as en una terraza. A m\u00ed me pasa lo mismo, pero me imagin\u00e9 saboreando ese oloroso Ribera del Duero junto a mi queso favorito y no pude evitar zambullirme en la fantas\u00eda. Y luego, como todas mis enso\u00f1aciones, cuando se convierten en realidad pierden toda la magia. Si al vino le sumamos los caf\u00e9s (descafeinados) con leche y az\u00facar que me estuve desayunando durante toda la semana, as\u00ed como los yogures y el queso mencionado, me acab\u00e9 convirtiendo en la peor enemiga de mi intestino. Resultado: vuelvo a estar fatal.<\/p>\n\n\n\n<p style=\"text-align:right\"><em><a href=\"https:\/\/www.eldiario.es\/nidos\/Medicina-terribilismo_0_1009650141.html\" target=\"_blank\" rel=\"noreferrer noopener\" aria-label=\"Sigue leyendo este art\u00edculo en eldiario.es (abre en una nueva pesta\u00f1a)\">Sigue leyendo este art\u00edculo en eldiario.es<\/a><\/em><\/p>\n","protected":false},"excerpt":{"rendered":"<p>Recordar\u00e1n mis sufridos lectores que con el coronavirus ya encima pero antes de que se decretara el estado de alarma, no me qued\u00f3 m\u00e1s remedio que acudir a mi m\u00e9dico de cabecera por una crisis de irritaci\u00f3n intestinal. Tengo todo el repertorio de enfermedades som\u00e1ticas que se me pueden ocurrir: dermatitis at\u00f3pica, ca\u00edda del pelo, [&hellip;]<\/p>\n","protected":false},"author":1,"featured_media":2002003226,"comment_status":"closed","ping_status":"closed","sticky":false,"template":"","format":"standard","meta":{"footnotes":""},"categories":[],"tags":[],"class_list":["post-2002003225","post","type-post","status-publish","format-standard","has-post-thumbnail","hentry"],"_links":{"self":[{"href":"http:\/\/www.elenacabrera.com\/weblog3\/wp-json\/wp\/v2\/posts\/2002003225","targetHints":{"allow":["GET"]}}],"collection":[{"href":"http:\/\/www.elenacabrera.com\/weblog3\/wp-json\/wp\/v2\/posts"}],"about":[{"href":"http:\/\/www.elenacabrera.com\/weblog3\/wp-json\/wp\/v2\/types\/post"}],"author":[{"embeddable":true,"href":"http:\/\/www.elenacabrera.com\/weblog3\/wp-json\/wp\/v2\/users\/1"}],"replies":[{"embeddable":true,"href":"http:\/\/www.elenacabrera.com\/weblog3\/wp-json\/wp\/v2\/comments?post=2002003225"}],"version-history":[{"count":1,"href":"http:\/\/www.elenacabrera.com\/weblog3\/wp-json\/wp\/v2\/posts\/2002003225\/revisions"}],"predecessor-version":[{"id":2002003227,"href":"http:\/\/www.elenacabrera.com\/weblog3\/wp-json\/wp\/v2\/posts\/2002003225\/revisions\/2002003227"}],"wp:featuredmedia":[{"embeddable":true,"href":"http:\/\/www.elenacabrera.com\/weblog3\/wp-json\/wp\/v2\/media\/2002003226"}],"wp:attachment":[{"href":"http:\/\/www.elenacabrera.com\/weblog3\/wp-json\/wp\/v2\/media?parent=2002003225"}],"wp:term":[{"taxonomy":"category","embeddable":true,"href":"http:\/\/www.elenacabrera.com\/weblog3\/wp-json\/wp\/v2\/categories?post=2002003225"},{"taxonomy":"post_tag","embeddable":true,"href":"http:\/\/www.elenacabrera.com\/weblog3\/wp-json\/wp\/v2\/tags?post=2002003225"}],"curies":[{"name":"wp","href":"https:\/\/api.w.org\/{rel}","templated":true}]}}