{"id":2002003228,"date":"2020-03-28T17:20:04","date_gmt":"2020-03-28T15:20:04","guid":{"rendered":"http:\/\/www.elenacabrera.com\/weblog\/?p=2002003228"},"modified":"2020-04-03T17:22:10","modified_gmt":"2020-04-03T15:22:10","slug":"diario-del-coronavirus-15-la-amenaza-fantasma","status":"publish","type":"post","link":"http:\/\/www.elenacabrera.com\/weblog3\/2020\/03\/28\/diario-del-coronavirus-15-la-amenaza-fantasma\/","title":{"rendered":"Diario del coronavirus (15): La amenaza fantasma"},"content":{"rendered":"\n<p>Faenas dom\u00e9sticas que no quieres que te pasen durante la cuarentena: caries en las muelas, que se rompan las gafas, una infestaci\u00f3n de chinches en casa, una gotera, que tu hija tenga deberes de flauta, que se te caiga el m\u00f3vil al v\u00e1ter, que se desconfigure el router, que se rompa la lavadora. \u00bfQu\u00e9 llevar\u00edas peor? A mi amiga M. le ha pasado al menos una de estas cosas, si no dos.<\/p>\n\n\n\n<p>M. est\u00e1 en cuarenta preventiva junto a su marido y sus dos hijas peque\u00f1as debido a que un compa\u00f1ero de trabajo dio positivo. Eso quiere decir que no pueden ni bajar a por el pan. De todas formas, est\u00e1n perfectamente, no tienen s\u00edntomas y no parecen enfermos. Por si su vida no fuera lo suficientemente complicada, M. trabaja en la televisi\u00f3n y es una de esas titanas que est\u00e1 montando programas con todo el equipo desde sus casas. Que luego lo vemos y decimos \u201cmira, qu\u00e9 gracioso, cada uno en su casa\u201d (de hecho, mi hija Eleonor dice \u201cme encanta la cuarentena porque as\u00ed puedo ver d\u00f3nde vive la gente de la tele\u201d) pero sacar un programa as\u00ed, y que quede bonito, no debe ser f\u00e1cil.A M. se le ha roto la lavadora&#8230; con la ropa dentro. \u00bfVerdad que hab\u00edais sentido un escalofr\u00edo cuando lo le\u00edsteis en el primer p\u00e1rrafo? En estos tiempos de desinfecci\u00f3n brutal, millones de lavadoras en todo el mundo giran y giran en\u00e9rgicamente varias horas al d\u00eda. El d\u00eda que su lavadora decidi\u00f3 cometer alta traici\u00f3n, M. se hab\u00eda acostado a las cuatro de la ma\u00f1ana preparando el programa que ten\u00edan que grabar. No s\u00e9 si esto es una cosa solo m\u00eda, pero lo voy a confesar y as\u00ed lo vemos: a m\u00ed los electrodom\u00e9sticos siempre me han dado miedo. En alg\u00fan curso de la EGB tuve un libro de lecturas en el que hab\u00eda un cuento que se titulaba <em>La rebeli\u00f3n de los electrodom\u00e9sticos<\/em>. Un cuento de terror. La nevera se com\u00eda lo que ten\u00eda dentro. La lavadora desgarraba la ropa. La batidora arrancaba dedos. Bueno, quiz\u00e1s no era tan as\u00ed pero se qued\u00f3 enganchado a mis pesadillas de esa manera. Posteriormente, la canci\u00f3n hom\u00f3nima de Alaska y los Pegamoides siempre me ha dado mal rollo.<\/p>\n\n\n\n<p style=\"text-align:right\"><em><a href=\"https:\/\/www.eldiario.es\/nidos\/amenaza-fantasma_0_1010000112.html\" target=\"_blank\" rel=\"noreferrer noopener\" aria-label=\"Sigue leyendo este art\u00edculo en eldiario.es (abre en una nueva pesta\u00f1a)\">Sigue leyendo este art\u00edculo en eldiario.es<\/a><\/em><\/p>\n","protected":false},"excerpt":{"rendered":"<p>Faenas dom\u00e9sticas que no quieres que te pasen durante la cuarentena: caries en las muelas, que se rompan las gafas, una infestaci\u00f3n de chinches en casa, una gotera, que tu hija tenga deberes de flauta, que se te caiga el m\u00f3vil al v\u00e1ter, que se desconfigure el router, que se rompa la lavadora. \u00bfQu\u00e9 llevar\u00edas [&hellip;]<\/p>\n","protected":false},"author":1,"featured_media":2002003229,"comment_status":"closed","ping_status":"closed","sticky":false,"template":"","format":"standard","meta":{"footnotes":""},"categories":[],"tags":[],"class_list":["post-2002003228","post","type-post","status-publish","format-standard","has-post-thumbnail","hentry"],"_links":{"self":[{"href":"http:\/\/www.elenacabrera.com\/weblog3\/wp-json\/wp\/v2\/posts\/2002003228","targetHints":{"allow":["GET"]}}],"collection":[{"href":"http:\/\/www.elenacabrera.com\/weblog3\/wp-json\/wp\/v2\/posts"}],"about":[{"href":"http:\/\/www.elenacabrera.com\/weblog3\/wp-json\/wp\/v2\/types\/post"}],"author":[{"embeddable":true,"href":"http:\/\/www.elenacabrera.com\/weblog3\/wp-json\/wp\/v2\/users\/1"}],"replies":[{"embeddable":true,"href":"http:\/\/www.elenacabrera.com\/weblog3\/wp-json\/wp\/v2\/comments?post=2002003228"}],"version-history":[{"count":1,"href":"http:\/\/www.elenacabrera.com\/weblog3\/wp-json\/wp\/v2\/posts\/2002003228\/revisions"}],"predecessor-version":[{"id":2002003230,"href":"http:\/\/www.elenacabrera.com\/weblog3\/wp-json\/wp\/v2\/posts\/2002003228\/revisions\/2002003230"}],"wp:featuredmedia":[{"embeddable":true,"href":"http:\/\/www.elenacabrera.com\/weblog3\/wp-json\/wp\/v2\/media\/2002003229"}],"wp:attachment":[{"href":"http:\/\/www.elenacabrera.com\/weblog3\/wp-json\/wp\/v2\/media?parent=2002003228"}],"wp:term":[{"taxonomy":"category","embeddable":true,"href":"http:\/\/www.elenacabrera.com\/weblog3\/wp-json\/wp\/v2\/categories?post=2002003228"},{"taxonomy":"post_tag","embeddable":true,"href":"http:\/\/www.elenacabrera.com\/weblog3\/wp-json\/wp\/v2\/tags?post=2002003228"}],"curies":[{"name":"wp","href":"https:\/\/api.w.org\/{rel}","templated":true}]}}