{"id":2002003234,"date":"2020-03-31T17:25:09","date_gmt":"2020-03-31T15:25:09","guid":{"rendered":"http:\/\/www.elenacabrera.com\/weblog\/?p=2002003234"},"modified":"2020-04-03T17:27:41","modified_gmt":"2020-04-03T15:27:41","slug":"diario-del-coronavirus-17-todos-los-dias-oleran-a-fin-de-semana","status":"publish","type":"post","link":"http:\/\/www.elenacabrera.com\/weblog3\/2020\/03\/31\/diario-del-coronavirus-17-todos-los-dias-oleran-a-fin-de-semana\/","title":{"rendered":"Diario del coronavirus (17): Todos los d\u00edas oler\u00e1n a fin de semana"},"content":{"rendered":"\n<p>Mi hija hablando con su amiga O. por videollamada: \u201cO., \u00a1en esta casa solo hemos comprado papel higi\u00e9nico una vez!\u201d. Pocas veces he visto a mi hija tan orgullosa de su familia. Despu\u00e9s de dos <a href=\"https:\/\/www.eldiario.es\/nidos\/Arden-moviles_0_1010350088.html\">d\u00edas locos de videollamadas<\/a> a cuatro por WhatsApp, sacrificando amigos y escogiendo a otros a raz\u00f3n de una llamada nueva cada tres minutos, mi hija de 8 a\u00f1os ha descubierto Zoom, lo cual ha girado el tema de conversaci\u00f3n del \u201c\u00bfa qui\u00e9n llamamos ahora?\u201d a \u201cte he puesto algo por el chat privado\u201d. Entre risa y risa, asoman esas otras expresiones de lo extraordinario filtr\u00e1ndose en lo cotidiano, como lo del papel higi\u00e9nico, o las visitas guiadas por la casa: \u201cmirad, en esta caja dejan mis padres los zapatos cuando vienen de la calle\u201d o \u201cmirad, esta es mi mascarilla\u201d o \u201cmirad, hemos comprado tres paquetes de harina y hoy hemos hecho galletas <a href=\"https:\/\/www.eldiario.es\/nidos\/casa-exacerban-sentimientos_0_1008599674.html\">OTRA VEZ<\/a>\u201d.<\/p>\n\n\n\n<p>Ahora que Eleonor pasa m\u00e1s tiempo hablando con sus amigas que con nosotros, nos deja algo m\u00e1s de espacio para aprovechar los ratos libres del confinamiento, que no son muchos. Alberto se ha entregado en cuerpo y alma a catalogar todos sus discos en Discogs. Discogs es una web colaborativa en la que los usuarios incorporan todas las ediciones que se han hecho de todos los discos del mundo. Adem\u00e1s, tiene un mercado en el que puedes vender y comprar con otros usuarios. Gracias a esta tienda de segunda mano, te haces una idea aproximada del valor de tus discos (en el caso cada vez menos improbable de que nos venga otra crisis por delante y haya que empezar a vender (otra vez) lo \u00fanico que tenemos de valor en casa). De esa manera, cada cierto tiempo Alberto levanta el brazo, elevando un disco sobre nuestras cabezas y diciendo en voz alta \u201c\u00a130!\u201d, \u201c\u00a190!\u201d o \u201c\u00a1120!\u201d. En una ocasi\u00f3n ha mostrado un disco de la misma manera, pero no ha dicho nada. He mirado la portada y nos hemos quedado en silencio. Eleonor, desesperada porque hab\u00eda algo que no entend\u00eda, ha preguntado \u201c\u00bf\u00a1qu\u00e9 pasa!?\u201d. Alberto estaba sujetando un disco en solitario de Gabi Delgado, cantante del legendario d\u00fao alem\u00e1n DAF, que tanto nos gusta, y que ha <a href=\"https:\/\/jenesaispop.com\/2020\/03\/24\/387126\/fallece-gabi-delgado-lopez-de-la-banda-pionera-alemana-deutsch-amerikanische-freundschaft\/\">fallecido esta semana<\/a>, sin que se conozca la causa de su muerte. El confinamiento comenz\u00f3 con <a href=\"https:\/\/www.eldiario.es\/cultura\/musica\/Muere-Genesis-P-Orridge-esenciales-contracultura_0_1006499431.html\">la muerte de otra persona de la m\u00fasica<\/a>, importante para nosotros: Genesis P-Orridge, de los grupos Throbbing Gristle y Psychic TV, a causa de la leucemia que padec\u00eda. Aunque ambas muertes, en principio, no est\u00e1n relacionadas con el coronavirus, vivimos con el coraz\u00f3n encogido, sintiendo que nuestros seres queridos (los allegados y los lejanos) son m\u00e1s vulnerables que nunca.<\/p>\n\n\n\n<p>Tengo tres t\u00edos que viven en una residencia de la tercera edad, a 600 kil\u00f3metros de mi ciudad. Hoy es el cumplea\u00f1os de un de ellos, mi t\u00edo L., que cumple 80. All\u00ed vive junto a dos de sus hermanas, mi muy querida t\u00eda A., que desgraciadamente sufre mal de Alzheimer, y mi t\u00eda I., que cada d\u00eda habla menos. Me cuenta mi t\u00edo que el aburrimiento es lo peor que lleva: ya no solo no puede salir a dar una vuelta por la calle, sino que, como medida de prevenci\u00f3n, tampoco puede utilizar las zonas comunes, ni dar una vuelta por los salones o pasillos. Solo baja al comedor y despu\u00e9s se ve confinado en su habitaci\u00f3n, sin otra cosa que hacer que ver la televisi\u00f3n, cosa que tampoco le motiva.<\/p>\n\n\n\n<p style=\"text-align:right\"><em><a href=\"https:\/\/www.eldiario.es\/nidos\/dias-oleran-fin-semana_0_1011049361.html\" target=\"_blank\" rel=\"noreferrer noopener\" aria-label=\"Sigue leyendo este art\u00edculo en eldiario.es (abre en una nueva pesta\u00f1a)\">Sigue leyendo este art\u00edculo en eldiario.es<\/a><\/em><\/p>\n","protected":false},"excerpt":{"rendered":"<p>Mi hija hablando con su amiga O. por videollamada: \u201cO., \u00a1en esta casa solo hemos comprado papel higi\u00e9nico una vez!\u201d. Pocas veces he visto a mi hija tan orgullosa de su familia. Despu\u00e9s de dos d\u00edas locos de videollamadas a cuatro por WhatsApp, sacrificando amigos y escogiendo a otros a raz\u00f3n de una llamada nueva [&hellip;]<\/p>\n","protected":false},"author":1,"featured_media":2002003235,"comment_status":"closed","ping_status":"closed","sticky":false,"template":"","format":"standard","meta":{"footnotes":""},"categories":[],"tags":[],"class_list":["post-2002003234","post","type-post","status-publish","format-standard","has-post-thumbnail","hentry"],"_links":{"self":[{"href":"http:\/\/www.elenacabrera.com\/weblog3\/wp-json\/wp\/v2\/posts\/2002003234","targetHints":{"allow":["GET"]}}],"collection":[{"href":"http:\/\/www.elenacabrera.com\/weblog3\/wp-json\/wp\/v2\/posts"}],"about":[{"href":"http:\/\/www.elenacabrera.com\/weblog3\/wp-json\/wp\/v2\/types\/post"}],"author":[{"embeddable":true,"href":"http:\/\/www.elenacabrera.com\/weblog3\/wp-json\/wp\/v2\/users\/1"}],"replies":[{"embeddable":true,"href":"http:\/\/www.elenacabrera.com\/weblog3\/wp-json\/wp\/v2\/comments?post=2002003234"}],"version-history":[{"count":1,"href":"http:\/\/www.elenacabrera.com\/weblog3\/wp-json\/wp\/v2\/posts\/2002003234\/revisions"}],"predecessor-version":[{"id":2002003236,"href":"http:\/\/www.elenacabrera.com\/weblog3\/wp-json\/wp\/v2\/posts\/2002003234\/revisions\/2002003236"}],"wp:featuredmedia":[{"embeddable":true,"href":"http:\/\/www.elenacabrera.com\/weblog3\/wp-json\/wp\/v2\/media\/2002003235"}],"wp:attachment":[{"href":"http:\/\/www.elenacabrera.com\/weblog3\/wp-json\/wp\/v2\/media?parent=2002003234"}],"wp:term":[{"taxonomy":"category","embeddable":true,"href":"http:\/\/www.elenacabrera.com\/weblog3\/wp-json\/wp\/v2\/categories?post=2002003234"},{"taxonomy":"post_tag","embeddable":true,"href":"http:\/\/www.elenacabrera.com\/weblog3\/wp-json\/wp\/v2\/tags?post=2002003234"}],"curies":[{"name":"wp","href":"https:\/\/api.w.org\/{rel}","templated":true}]}}