{"id":2002003249,"date":"2020-04-06T12:49:13","date_gmt":"2020-04-06T10:49:13","guid":{"rendered":"http:\/\/www.elenacabrera.com\/weblog\/?p=2002003249"},"modified":"2020-04-09T12:50:58","modified_gmt":"2020-04-09T10:50:58","slug":"diario-del-coronavirus-22-esta-todo-todavia-tan-oscuro-en-europa","status":"publish","type":"post","link":"http:\/\/www.elenacabrera.com\/weblog3\/2020\/04\/06\/diario-del-coronavirus-22-esta-todo-todavia-tan-oscuro-en-europa\/","title":{"rendered":"Diario del coronavirus (22): Est\u00e1 todo todav\u00eda tan oscuro en Europa"},"content":{"rendered":"\n<p>Dice mi amigo F. que amenaza con lanzar una tarta de nata montada a todos los que hacen <em>lives<\/em> de Instagram. Lo dice el mismo d\u00eda que en el chat de la clase de mi hija, L. ha echado a rodar un <em>challange<\/em> en el que ret\u00f3 a A. a que hundiera su nariz dentro de un bol de nata montada. Una hora despu\u00e9s, apareci\u00f3 un video de A., efectivamente, hundiendo su nariz en un bol de nata montada y retando a su amigo J. a que hiciera lo siguiente: A. coge el bol con las dos manos y se lo coloca en la cabeza, bocabajo, mientras su madre, que graba el video, dice \u201c\u00a1no, no, no, no, no!\u201d. A. levanta el bol y deja sobre su pelo un chorreante sombrero de nata. Pens\u00e9 que a la hora de escribir estas l\u00edneas no tendr\u00eda nada m\u00e1s que contar pero J. acept\u00f3 el reto, anunciando que a sus padres les parec\u00eda regular porque luego tendr\u00eda que ba\u00f1arse (J. no lo dice, pero en estos d\u00edas hay mucho lavado de manos pero duchas, las justas). Sin pensarlo, J. se coloc\u00f3 un cuenco con nata a modo de bomb\u00edn y pas\u00f3 la bola, retando a que el padre de su compa\u00f1ero T. le hiciera lo mismo que su propio padre estaba a punto de hacer: entrando en plano, un brazo introduce la boquilla de un bote de nata en la boca de J. y rellena al ni\u00f1o como si fuera un bu\u00f1uelo. Si a lo largo de este art\u00edculo hay alguna novedad, os lo har\u00e9 saber. Espero que el reto no llegue a Eleonor, pues acabo de ir a mirar a la nevera y nuestro bote de nata est\u00e1 lleno de moho. (Un cl\u00e1sico). Le cuento todo esto a Alberto y me dice: \u201cah, pues eso puede hacer el reto m\u00e1s interesante\u201d. Y as\u00ed pasamos el domingo. El vuestro, \u00bfqu\u00e9 tal?<\/p>\n\n\n\n<p>Yo entiendo a F. No se puede estar todo el d\u00eda <em>live<\/em> arriba, <em>live<\/em> abajo, que si <em>videochallange<\/em>, que si videollamada de los amigos, de la familia, de los abuelos, de los primos, de los compa\u00f1eros de la EGB&#8230;<\/p>\n\n\n\n<p>En casa hemos recibido <a href=\"https:\/\/www.eldiario.es\/politica\/Pedro-Sanchez-prorrogara-alarma-proximo_0_1013148964.html\">el anuncio de la extensi\u00f3n del estado de alarma<\/a> sin sorpresa alguna, como quien pierde un tren que tampoco tuviera mucha intenci\u00f3n de coger. Ya no apunto en el calendario del frigor\u00edfico cuando va a acabar esto, no vaya a tener que volver a hacer una tachadura. Pero con esta pr\u00f3rroga ya ha quedado claro lo que hab\u00eda desestimado en un principio: mi cumplea\u00f1os, a mediados de abril, me va a pillar enclaustrada. Tampoco pasa nada, no soy de montar fiestas en mi cumple, lo que me fastidia es lo terriblemente in\u00fatil que soy haciendo predicciones. <a href=\"https:\/\/www.eldiario.es\/nidos\/dado-positivo-piojos_0_1005100553.html\">Cuando se cancelaron los primeros cumplea\u00f1os familiares<\/a>, les dije: \u201cno pasa nada, ya los celebraremos todos a la vez, junto al m\u00edo\u201d. Ahora me da la risa. Le le\u00ed a alguien, no s\u00e9 a qui\u00e9n, que miramos nuestros yoes del inicio de la pandemia con condescendencia. Ay, Elena, que no te enteras.<\/p>\n\n\n\n<p style=\"text-align:right\"><em><a href=\"https:\/\/www.eldiario.es\/nidos\/todavia-oscuro-Europa_0_1013499114.html\" target=\"_blank\" rel=\"noreferrer noopener\" aria-label=\"Sigue leyendo en eldiario.es (abre en una nueva pesta\u00f1a)\">Sigue leyendo en eldiario.es<\/a><\/em><\/p>\n","protected":false},"excerpt":{"rendered":"<p>Dice mi amigo F. que amenaza con lanzar una tarta de nata montada a todos los que hacen lives de Instagram. Lo dice el mismo d\u00eda que en el chat de la clase de mi hija, L. ha echado a rodar un challange en el que ret\u00f3 a A. a que hundiera su nariz dentro [&hellip;]<\/p>\n","protected":false},"author":1,"featured_media":2002003250,"comment_status":"closed","ping_status":"closed","sticky":false,"template":"","format":"standard","meta":{"footnotes":""},"categories":[],"tags":[],"class_list":["post-2002003249","post","type-post","status-publish","format-standard","has-post-thumbnail","hentry"],"_links":{"self":[{"href":"http:\/\/www.elenacabrera.com\/weblog3\/wp-json\/wp\/v2\/posts\/2002003249","targetHints":{"allow":["GET"]}}],"collection":[{"href":"http:\/\/www.elenacabrera.com\/weblog3\/wp-json\/wp\/v2\/posts"}],"about":[{"href":"http:\/\/www.elenacabrera.com\/weblog3\/wp-json\/wp\/v2\/types\/post"}],"author":[{"embeddable":true,"href":"http:\/\/www.elenacabrera.com\/weblog3\/wp-json\/wp\/v2\/users\/1"}],"replies":[{"embeddable":true,"href":"http:\/\/www.elenacabrera.com\/weblog3\/wp-json\/wp\/v2\/comments?post=2002003249"}],"version-history":[{"count":1,"href":"http:\/\/www.elenacabrera.com\/weblog3\/wp-json\/wp\/v2\/posts\/2002003249\/revisions"}],"predecessor-version":[{"id":2002003251,"href":"http:\/\/www.elenacabrera.com\/weblog3\/wp-json\/wp\/v2\/posts\/2002003249\/revisions\/2002003251"}],"wp:featuredmedia":[{"embeddable":true,"href":"http:\/\/www.elenacabrera.com\/weblog3\/wp-json\/wp\/v2\/media\/2002003250"}],"wp:attachment":[{"href":"http:\/\/www.elenacabrera.com\/weblog3\/wp-json\/wp\/v2\/media?parent=2002003249"}],"wp:term":[{"taxonomy":"category","embeddable":true,"href":"http:\/\/www.elenacabrera.com\/weblog3\/wp-json\/wp\/v2\/categories?post=2002003249"},{"taxonomy":"post_tag","embeddable":true,"href":"http:\/\/www.elenacabrera.com\/weblog3\/wp-json\/wp\/v2\/tags?post=2002003249"}],"curies":[{"name":"wp","href":"https:\/\/api.w.org\/{rel}","templated":true}]}}