{"id":2002003252,"date":"2020-04-07T12:51:14","date_gmt":"2020-04-07T10:51:14","guid":{"rendered":"http:\/\/www.elenacabrera.com\/weblog\/?p=2002003252"},"modified":"2020-04-09T12:55:35","modified_gmt":"2020-04-09T10:55:35","slug":"diario-del-coronavirus-23-confieso-haber-hecho-un-live","status":"publish","type":"post","link":"http:\/\/www.elenacabrera.com\/weblog3\/2020\/04\/07\/diario-del-coronavirus-23-confieso-haber-hecho-un-live\/","title":{"rendered":"Diario del coronavirus (23): Confieso haber hecho un \u2018live\u2019"},"content":{"rendered":"\n<p>Tiradme <a href=\"https:\/\/www.eldiario.es\/nidos\/todavia-oscuro-Europa_0_1013499114.html\">tartas de nata a la cara<\/a>: hoy he hecho un <em>live<\/em>. No me he podido contener. \u00a1Lo han visto cuatro personas en directo! (Muchas me parecen, para tanta oferta audiovisual). Hoy hemos tenido un d\u00eda muy ocupado. Antes de levantarme de la cama valor\u00e9 la opci\u00f3n de reparar la escayola del techo del cuarto de ba\u00f1o, pintar una pared de la habitaci\u00f3n de Eleonor y, vini\u00e9ndome muy arriba, darle una capa de barniz a alg\u00fan trozo del parqu\u00e9. Envuelta en la burbuja protectora del edred\u00f3n, me vi capaz de eso y m\u00e1s. \u00bfY si me pusiera a terminar de digitalizar las cintas VHS? El video lleva a\u00f1os conectado al ordenador, sac\u00e1ndome la lengua con una cinta a medio introducir, desde hace aproximadamente tres a\u00f1os. \u00bfY si ordenara a fondo los armarios de la cocina? \u00bfY si me animara a revisar y tirar mis viejas agendas? \u00bfY si escaneara el \u00e1lbum de fotos de mis padres? Eran las nueve y media de la ma\u00f1ana y me sent\u00eda todopoderosa.<\/p>\n\n\n\n<p>Al final, no he hecho ninguna de esas cosas, pero he hecho un <em>live<\/em>. Dadme la bienvenida al mundo de los grandes egos y la innecesaria saturaci\u00f3n digital. Gracias, queridos <em>followers<\/em>. En realidad, estoy exagerando, porque el directo ha durado cinco minutos y el que ha dado la cara ha sido Alberto, al que he arrojado a los leones vilmente. El <em>live<\/em> ha sido solo el pr\u00f3logo de unas cuantas horas de radio desde casa. Alberto y yo llevamos a\u00f1os haciendo un podcast muy loco titulado <a href=\"https:\/\/www.ivoox.com\/podcast-pobres-chavales_sq_f1106351_1.html\">Pobres Chavales<\/a>, que consiste en dedicarle un cap\u00edtulo a cada disco de Depeche Mode y hablar de \u00e9l hasta que no podamos m\u00e1s. Esto da por resultado episodios que duran entre tres y cinco horas. Eso solo lo aguantan los muy fans pero, afortunadamente, hay muchos m\u00e1s depecheros de los que os pod\u00e9is imaginar. Siempre hay uno escondido en alg\u00fan rinc\u00f3n inesperado. De hecho, hay una presidenta auton\u00f3mica que lleva la portada de mi disco favorito de Depeche Mode tatuado en el brazo, pero no hablemos ahora de la p\u00e9sima gesti\u00f3n de la crisis del coronavirus en Madrid, que no es el momento.<\/p>\n\n\n\n<p>Programas de radio tan largos no son f\u00e1ciles de hacer, pues necesitan su tiempo de preparaci\u00f3n, grabaci\u00f3n y edici\u00f3n. El coronavirus nos ha dado la oportunidad de dedicar el d\u00eda a lijar y barnizar la mesa de la entrada o a hablar varias horas de nuestro grupo favorito. Adivinad qu\u00e9 hemos elegido. El caso es que tampoco nos sobraba el tiempo: ten\u00edamos que hacerlo encajar entre la videollamada de celebraci\u00f3n del \u201ccumplea\u00f1os en remoto\u201d de O., una amiga de nuestra hija Eleonor, y los aplausos de las ocho, hora l\u00edmite para toda actividad productiva en esta esta casa (a excepci\u00f3n de escribiros estas l\u00edneas, un ritual que cada d\u00eda sucede a una hora m\u00e1s tard\u00eda; perdonadme, compa\u00f1eros). As\u00ed pues, preparamos nuestro peque\u00f1o estudio de grabaci\u00f3n en una habitaci\u00f3n y esperamos a que Eleonor cantara el cumplea\u00f1os feliz para empezar a grabar pero, en lugar de eso, salt\u00e9 con la idea del <em>live<\/em>, no pude reprimirme. En \u00e9l, saludamos, hablamos un poco de la importancia de la m\u00fasica en el confinamiento, mostramos c\u00f3mo nos las apa\u00f1amos para grabar y ense\u00f1amos nuestros libros de Depeche Mode. Pese a la reducida audiencia que convoc\u00f3, me provoc\u00f3 una loqu\u00edsima ilusi\u00f3n de salida al mundo; ahora comprendo de d\u00f3nde viene el desenfreno por los directos estos d\u00edas.<\/p>\n\n\n\n<p style=\"text-align:right\"><em><a href=\"https:\/\/www.eldiario.es\/nidos\/Confieso-hecho-live_0_1013849718.html\" target=\"_blank\" rel=\"noreferrer noopener\" aria-label=\"Sigue leyendo en eldiario.es (abre en una nueva pesta\u00f1a)\">Sigue leyendo en eldiario.es<\/a><\/em><\/p>\n","protected":false},"excerpt":{"rendered":"<p>Tiradme tartas de nata a la cara: hoy he hecho un live. No me he podido contener. \u00a1Lo han visto cuatro personas en directo! (Muchas me parecen, para tanta oferta audiovisual). Hoy hemos tenido un d\u00eda muy ocupado. Antes de levantarme de la cama valor\u00e9 la opci\u00f3n de reparar la escayola del techo del cuarto [&hellip;]<\/p>\n","protected":false},"author":1,"featured_media":2002003253,"comment_status":"closed","ping_status":"closed","sticky":false,"template":"","format":"standard","meta":{"footnotes":""},"categories":[],"tags":[],"class_list":["post-2002003252","post","type-post","status-publish","format-standard","has-post-thumbnail","hentry"],"_links":{"self":[{"href":"http:\/\/www.elenacabrera.com\/weblog3\/wp-json\/wp\/v2\/posts\/2002003252","targetHints":{"allow":["GET"]}}],"collection":[{"href":"http:\/\/www.elenacabrera.com\/weblog3\/wp-json\/wp\/v2\/posts"}],"about":[{"href":"http:\/\/www.elenacabrera.com\/weblog3\/wp-json\/wp\/v2\/types\/post"}],"author":[{"embeddable":true,"href":"http:\/\/www.elenacabrera.com\/weblog3\/wp-json\/wp\/v2\/users\/1"}],"replies":[{"embeddable":true,"href":"http:\/\/www.elenacabrera.com\/weblog3\/wp-json\/wp\/v2\/comments?post=2002003252"}],"version-history":[{"count":1,"href":"http:\/\/www.elenacabrera.com\/weblog3\/wp-json\/wp\/v2\/posts\/2002003252\/revisions"}],"predecessor-version":[{"id":2002003254,"href":"http:\/\/www.elenacabrera.com\/weblog3\/wp-json\/wp\/v2\/posts\/2002003252\/revisions\/2002003254"}],"wp:featuredmedia":[{"embeddable":true,"href":"http:\/\/www.elenacabrera.com\/weblog3\/wp-json\/wp\/v2\/media\/2002003253"}],"wp:attachment":[{"href":"http:\/\/www.elenacabrera.com\/weblog3\/wp-json\/wp\/v2\/media?parent=2002003252"}],"wp:term":[{"taxonomy":"category","embeddable":true,"href":"http:\/\/www.elenacabrera.com\/weblog3\/wp-json\/wp\/v2\/categories?post=2002003252"},{"taxonomy":"post_tag","embeddable":true,"href":"http:\/\/www.elenacabrera.com\/weblog3\/wp-json\/wp\/v2\/tags?post=2002003252"}],"curies":[{"name":"wp","href":"https:\/\/api.w.org\/{rel}","templated":true}]}}