{"id":2002003259,"date":"2020-04-10T20:50:56","date_gmt":"2020-04-10T18:50:56","guid":{"rendered":"http:\/\/www.elenacabrera.com\/weblog\/?p=2002003259"},"modified":"2020-04-10T20:50:57","modified_gmt":"2020-04-10T18:50:57","slug":"diario-del-coronavirus-25-distancia-de-rescate","status":"publish","type":"post","link":"http:\/\/www.elenacabrera.com\/weblog3\/2020\/04\/10\/diario-del-coronavirus-25-distancia-de-rescate\/","title":{"rendered":"Diario del coronavirus (25): Distancia de rescate"},"content":{"rendered":"\n<p>No me gusta hablar por tel\u00e9fono. Esto es un problema si eres teleoperadora, periodista o&nbsp; tienes familia que vive lejos. De las tres, yo cumplo las dos \u00faltimas, pero dado que parece que se avecina una nueva crisis en el sector, no descarto hacer un pleno al quince en el futuro. Como en la estupenda novela de Javier Mestre sobre la precariedad del periodismo en Espa\u00f1a: <a href=\"http:\/\/www.laovejaroja.es\/cuentos.htm\"><em>F\u00e1brica de cuentos<\/em><\/a>. En ella, las responsabilidades familiares empujan a una joven periodista a abandonar su profesi\u00f3n para al menos vivir con la seguridad de una n\u00f3mina a fin de mes como teleoperadora. Me gustar\u00eda recomendaros su lectura para estos d\u00edas pero, a no ser que teng\u00e1is el libro comprado con anterioridad, no ser\u00eda responsable hacerlo. Os podr\u00edais apuntar el t\u00edtulo y sumaros a <a href=\"https:\/\/twitter.com\/hashtag\/YoEsperoAMiLibrero?src=hashtag_click\">la campa\u00f1a que circula en el mundo del c\u00f3mic<\/a> llamada #YoEsperoAMiLibrero. En cuanto reabran las peque\u00f1as librer\u00edas, en la medida de nuestras posibilidades, estar\u00eda bien visitarlas y compensar un poco estas semanas de p\u00e9rdidas.<\/p>\n\n\n\n<p>Vi el hashtag anoche en Twitter e Instagram durante mis m\u00e1s de cuatro horas de terco insomnio. Tambi\u00e9n me encontr\u00e9 con la fotograf\u00eda de Jos\u00e9 Ignacio Garc\u00eda que mostraba <a href=\"https:\/\/twitter.com\/joseigs_\/status\/1247862320715497472\">la secci\u00f3n de cultura de un supermercado acordonada<\/a> y forrada de pl\u00e1stico. Dec\u00eda este diputado de Adelante Andaluc\u00eda que \u201cun pa\u00eds que no considera la cultura como de primera necesidad es un pa\u00eds que est\u00e1 jodido\u201d. Lo mismo es que s\u00ed que estamos un poco jodidos, Jos\u00e9 Ignacio. Esta foto terrible, que da hasta miedo si amas los libros como parte de tu vida, coincide en el tiempo con <a href=\"https:\/\/www.eldiario.es\/cultura\/musical-inaccion-Cultura-peligro-industria_0_1014549541.html\">la decepcionante intervenci\u00f3n p\u00fablica<\/a> del ministro de Cultura, tan ausente y profil\u00e1ctico como la secci\u00f3n del supermercado. Me pareci\u00f3 que el ministro Uribes nos dec\u00eda que no era el momento para la cultura, que ahora hay que estar a lo importante. Es verdad que los m\u00e9dicos salvan la vida de los enfermos, pero el arte cuida la vida de los sanos. No se puede poner la cultura en pausa, envuelta en pl\u00e1stico como los muebles cubiertos por telas de una casa deshabitada indefinidamente. Necesitamos mascarillas pero tambi\u00e9n <a href=\"https:\/\/www.eldiario.es\/nidos\/mujer-enmascarada_0_1009300189.html\">relatos sobre enmascarados<\/a>.&nbsp;<\/p>\n\n\n\n<p>En mi insomnio de anoche solo pod\u00eda leer vuestras cosas y mirar vuestras fotos. Sal\u00ed al patio de Twitter y me encontr\u00e9 con otros son\u00e1mbulos. Fue como abrir la ventana en plena noche. Coincid\u00ed con un vecino despierto, Diego Fonseca, que os escribe por aqu\u00ed <a href=\"https:\/\/www.eldiario.es\/autores\/diego_fonseca\/\">unos relatos durante la pandemia<\/a>. Como aquel tipo que sale al balc\u00f3n con un meg\u00e1fono cada d\u00eda a decir \u201cme aburro\u201d, Diego estaba all\u00ed, en esa enorme habitaci\u00f3n llena de gente pero, en verdad, solo, gritando que ten\u00eda \u201cinsomnio marca Stress del Virus de Mierda\u201d. Le dije que yo tambi\u00e9n. Diego me confes\u00f3 que tiene cuatro textos muertos \u201cah\u00ed\u201d, \u201csin resucitar\u201d, del \u201c<em>daily<\/em> de eldiario.es\u201d. Y a\u00f1adi\u00f3 un emoticono de hombros encogidos donde yo no vi un emoji sino al propio Diego Fonseca hundiendo el cuello, con los ojos rojos, resoplando. Pero es que en la noche no se puede hacer nada, \u201csolo hay par\u00e1lisis\u201d, le contest\u00e9. En la noche se puede bailar, beber vino, tener fantas\u00edas, vivir romances, follar o masturbarse, pero no puede uno levantarse y decir: voy a aprovechar este insomnio (marca Stress del Virus de Mierda) para terminar de escribir esos cuatro textos muertos que tengo por ah\u00ed.<\/p>\n\n\n\n<p style=\"text-align:right\"><em><a href=\"https:\/\/www.eldiario.es\/nidos\/Distancia-rescate_0_1014549725.html\" target=\"_blank\" rel=\"noreferrer noopener\" aria-label=\"Sigue leyendo en eldiario.es (abre en una nueva pesta\u00f1a)\">Sigue leyendo en eldiario.es<\/a><\/em><\/p>\n","protected":false},"excerpt":{"rendered":"<p>No me gusta hablar por tel\u00e9fono. Esto es un problema si eres teleoperadora, periodista o&nbsp; tienes familia que vive lejos. De las tres, yo cumplo las dos \u00faltimas, pero dado que parece que se avecina una nueva crisis en el sector, no descarto hacer un pleno al quince en el futuro. Como en la estupenda [&hellip;]<\/p>\n","protected":false},"author":1,"featured_media":2002003260,"comment_status":"closed","ping_status":"closed","sticky":false,"template":"","format":"standard","meta":{"footnotes":""},"categories":[],"tags":[],"class_list":["post-2002003259","post","type-post","status-publish","format-standard","has-post-thumbnail","hentry"],"_links":{"self":[{"href":"http:\/\/www.elenacabrera.com\/weblog3\/wp-json\/wp\/v2\/posts\/2002003259","targetHints":{"allow":["GET"]}}],"collection":[{"href":"http:\/\/www.elenacabrera.com\/weblog3\/wp-json\/wp\/v2\/posts"}],"about":[{"href":"http:\/\/www.elenacabrera.com\/weblog3\/wp-json\/wp\/v2\/types\/post"}],"author":[{"embeddable":true,"href":"http:\/\/www.elenacabrera.com\/weblog3\/wp-json\/wp\/v2\/users\/1"}],"replies":[{"embeddable":true,"href":"http:\/\/www.elenacabrera.com\/weblog3\/wp-json\/wp\/v2\/comments?post=2002003259"}],"version-history":[{"count":1,"href":"http:\/\/www.elenacabrera.com\/weblog3\/wp-json\/wp\/v2\/posts\/2002003259\/revisions"}],"predecessor-version":[{"id":2002003261,"href":"http:\/\/www.elenacabrera.com\/weblog3\/wp-json\/wp\/v2\/posts\/2002003259\/revisions\/2002003261"}],"wp:featuredmedia":[{"embeddable":true,"href":"http:\/\/www.elenacabrera.com\/weblog3\/wp-json\/wp\/v2\/media\/2002003260"}],"wp:attachment":[{"href":"http:\/\/www.elenacabrera.com\/weblog3\/wp-json\/wp\/v2\/media?parent=2002003259"}],"wp:term":[{"taxonomy":"category","embeddable":true,"href":"http:\/\/www.elenacabrera.com\/weblog3\/wp-json\/wp\/v2\/categories?post=2002003259"},{"taxonomy":"post_tag","embeddable":true,"href":"http:\/\/www.elenacabrera.com\/weblog3\/wp-json\/wp\/v2\/tags?post=2002003259"}],"curies":[{"name":"wp","href":"https:\/\/api.w.org\/{rel}","templated":true}]}}