{"id":2002003263,"date":"2020-04-11T13:26:30","date_gmt":"2020-04-11T11:26:30","guid":{"rendered":"http:\/\/www.elenacabrera.com\/weblog\/?p=2002003263"},"modified":"2020-05-08T13:28:35","modified_gmt":"2020-05-08T11:28:35","slug":"diario-del-coronavirus-26-tren-con-destinacion-a-ninguna-parte","status":"publish","type":"post","link":"http:\/\/www.elenacabrera.com\/weblog3\/2020\/04\/11\/diario-del-coronavirus-26-tren-con-destinacion-a-ninguna-parte\/","title":{"rendered":"Diario del coronavirus (26): Tren con destinaci\u00f3n a ninguna parte"},"content":{"rendered":"\n<p>No s\u00e9 si os hab\u00e9is dado cuenta, pero estamos de vacaciones de Semana Santa. Me pregunto si los ni\u00f1os y las ni\u00f1as que teng\u00e1is alrededor son tan inflexibles con esa circunstancia como mi hija. Si le pido que se acueste pronto, que haga deberes o que se quite el pijama me contesta que la deje en paz, que est\u00e1 de vacaciones. \u201c\u00bfPero me quieres decir qu\u00e9 diferencia hay entre esta semana y la anterior?\u201d, le pregunto. \u201cNo me hagas tantas preguntas, que estoy de vacaciones\u201d, es todo lo que me contesta, mientras gira de nuevo su cabeza hacia el televisor. Por no pelearme con ella, me peleo conmigo misma: \u00bfle contesto lo que creo que una madre responsable debe decirle a su hija o la dejo en paz, que es exactamente lo que yo querr\u00eda que hicieran conmigo? En medio de este debate, me acord\u00e9 de <a href=\"https:\/\/www.elmundo.es\/papel\/historias\/2019\/09\/08\/5d7272ed21efa0b7548b45fb.html\">algo que dijo mi viejo compa\u00f1ero Antonio Mart\u00ednez Ron<\/a> en una entrevista antigua pero que le\u00ed ayer: \u201cles digo a mis hijos que coman fruta de postre y me como un helado a escondidas\u201d. Esa confesi\u00f3n resume muy bien esta sensaci\u00f3n de no acabar de ser la madre a la que le dan el t\u00edtulo homologado para ejercer. No s\u00e9 los hijos de Antonio, pero la m\u00eda me pillar\u00eda comiendo el helado y exigir\u00eda dos para ella: el primero, por justicia y el segundo, por castigo por comer a escondidas.<\/p>\n\n\n\n<p>Mi m\u00e1xima aspiraci\u00f3n es que Eleonor dedique algo de tiempo a la lectura. \u00bfRecord\u00e1is eso que dicen de que los ni\u00f1os imitan lo que ven en casa? Pues no es cierto. Hoy me ha dicho: \u201cmam\u00e1, te vas a poner enferma de tanto leer\u201d. Ese es el momento en el que la madre diplomada aplasta la cabeza de la otra Elena con un pu\u00f1etazo sangriento y manda a la ni\u00f1a, con voz severa y un amago de extorsi\u00f3n, a buscar un libro a su habitaci\u00f3n. Vuelve con un c\u00f3mic de <em>Hora de aventuras<\/em> y me digo: vale, admitamos el punto medio.Adem\u00e1s de ver anime, pel\u00edculas, <a href=\"https:\/\/www.eldiario.es\/nidos\/carencia-fe-resulta-molesta_0_1014548589.html\">Jackass<\/a> y videos en YouTube, estos d\u00edas Eleonor hace <em>stop motion<\/em> con los playmobil, se graba a s\u00ed misma haciendo un <em>fanfiction<\/em> de Paquita Salas, peina a las Nancys, hace volteretas en el sof\u00e1 y pinta un dibujo. Un \u00fanico dibujo. Me lo ha regalado. Es un dibujo de un AVE de Renfe. Al principio no lo entend\u00eda. Despu\u00e9s, entre las brumas de una vida pasada, me llegaron los recuerdos de aquellos d\u00edas en los que a las ocho de la tarde intent\u00e1bamos, sin \u00e9xito alguno, comprar billetes baratos para Barcelona, precisamente para irnos de viaje esta semana. Cada d\u00eda, Eleonor viv\u00eda con emoci\u00f3n el momento en el que nos pon\u00edamos delante del ordenador y le d\u00e1bamos a recargar la p\u00e1gina. Tras el fracaso de los primeros d\u00edas dej\u00e9 de hacerlo, convencida de que era imposible, pero ella, cada noche, todav\u00eda me preguntaba si lo hab\u00eda conseguido. Pens\u00e9 que, como a m\u00ed, aquella vieja ilusi\u00f3n de viajar en Semana Santa se hab\u00eda evaporado. Hasta que he visto este dibujo. Como en un juego de transparencia, por la parte de atr\u00e1s de la hoja se ve\u00eda el interior del tren. Una conductora llevaba a una alegre ni\u00f1a a alg\u00fan destino emocionante. Mi hija se hab\u00eda ido de viaje esta Semana Santa.<\/p>\n\n\n\n<p style=\"text-align:right\"><em><a href=\"https:\/\/www.eldiario.es\/nidos\/Tren-destinacion-parte_0_1014899251.html\" target=\"_blank\" rel=\"noreferrer noopener\" aria-label=\"Sigue leyendo en eldiario.es (abre en una nueva pesta\u00f1a)\">Sigue leyendo en eldiario.es<\/a><\/em><\/p>\n","protected":false},"excerpt":{"rendered":"<p>No s\u00e9 si os hab\u00e9is dado cuenta, pero estamos de vacaciones de Semana Santa. Me pregunto si los ni\u00f1os y las ni\u00f1as que teng\u00e1is alrededor son tan inflexibles con esa circunstancia como mi hija. Si le pido que se acueste pronto, que haga deberes o que se quite el pijama me contesta que la deje [&hellip;]<\/p>\n","protected":false},"author":1,"featured_media":0,"comment_status":"closed","ping_status":"closed","sticky":false,"template":"","format":"standard","meta":{"footnotes":""},"categories":[],"tags":[],"class_list":["post-2002003263","post","type-post","status-publish","format-standard","hentry"],"_links":{"self":[{"href":"http:\/\/www.elenacabrera.com\/weblog3\/wp-json\/wp\/v2\/posts\/2002003263","targetHints":{"allow":["GET"]}}],"collection":[{"href":"http:\/\/www.elenacabrera.com\/weblog3\/wp-json\/wp\/v2\/posts"}],"about":[{"href":"http:\/\/www.elenacabrera.com\/weblog3\/wp-json\/wp\/v2\/types\/post"}],"author":[{"embeddable":true,"href":"http:\/\/www.elenacabrera.com\/weblog3\/wp-json\/wp\/v2\/users\/1"}],"replies":[{"embeddable":true,"href":"http:\/\/www.elenacabrera.com\/weblog3\/wp-json\/wp\/v2\/comments?post=2002003263"}],"version-history":[{"count":1,"href":"http:\/\/www.elenacabrera.com\/weblog3\/wp-json\/wp\/v2\/posts\/2002003263\/revisions"}],"predecessor-version":[{"id":2002003264,"href":"http:\/\/www.elenacabrera.com\/weblog3\/wp-json\/wp\/v2\/posts\/2002003263\/revisions\/2002003264"}],"wp:attachment":[{"href":"http:\/\/www.elenacabrera.com\/weblog3\/wp-json\/wp\/v2\/media?parent=2002003263"}],"wp:term":[{"taxonomy":"category","embeddable":true,"href":"http:\/\/www.elenacabrera.com\/weblog3\/wp-json\/wp\/v2\/categories?post=2002003263"},{"taxonomy":"post_tag","embeddable":true,"href":"http:\/\/www.elenacabrera.com\/weblog3\/wp-json\/wp\/v2\/tags?post=2002003263"}],"curies":[{"name":"wp","href":"https:\/\/api.w.org\/{rel}","templated":true}]}}