{"id":2002003271,"date":"2020-04-15T13:39:35","date_gmt":"2020-04-15T11:39:35","guid":{"rendered":"http:\/\/www.elenacabrera.com\/weblog\/?p=2002003271"},"modified":"2020-05-09T19:55:49","modified_gmt":"2020-05-09T17:55:49","slug":"diario-del-coronavirus-30-el-regreso-a-la-normalidad-anormal","status":"publish","type":"post","link":"http:\/\/www.elenacabrera.com\/weblog3\/2020\/04\/15\/diario-del-coronavirus-30-el-regreso-a-la-normalidad-anormal\/","title":{"rendered":"Diario del coronavirus (30): El regreso a la normalidad anormal"},"content":{"rendered":"\n<p>A veces se hace necesario mentir a los ni\u00f1os, pero no s\u00e9 si por su bien o por el de sus padres y madres. Me pareci\u00f3 importante retomar, de una manera laica, el tema de la resurrecci\u00f3n e imponer este Lunes de Pascua como d\u00eda oficial de regreso a la normalidad anormal. \u201c\u00bfHabr\u00eda habido colegio el lunes?\u201d, pregunt\u00f3 mi hija, alzando una ceja en se\u00f1al de sospecha. \u201cPor supuesto que s\u00ed\u201d, le contest\u00e9, sin que me temblara la voz.<\/p>\n\n\n\n<p>La videollamada familiar en grupo del domingo por la noche me puso de los nervios. Con cara de resignaci\u00f3n, Eleonor les dijo: \u201c\u00a1y ma\u00f1ana, cole!\u201d, lo cual recibi\u00f3 una avalancha de voces, por suerte convertidas en un ininteligible barullo, que contradec\u00edan esa informaci\u00f3n. Que si ma\u00f1ana es no lectivo, que si patat\u00edn y que si patat\u00e1n. Tuve que usar todas mis dotes de gesticulaci\u00f3n, e incluso imponer mi voz autoritaria sobre todas las dem\u00e1s, para que no me desmontaran la resurrecci\u00f3n del lunes: ma\u00f1ana se vuelve a las tareas y no se hable m\u00e1s. Y, efectivamente, hoy hemos vuelto a la rutina ma\u00f1anera, empezando por completar lo que se qued\u00f3 a medias antes de las vacaciones. Se trataba de hacer una redacci\u00f3n en ingl\u00e9s sobre c\u00f3mo era nuestra vida hace 30 a\u00f1os. Como parte de la investigaci\u00f3n, Eleonor deb\u00eda hacerme preguntas sobre aquel entonces. \u201cEs que en 1990 era todo m\u00e1s o menos como ahora\u201d, le dije, sintiendo que se me hab\u00edan pasado tres d\u00e9cadas en un suspiro. Hab\u00eda muchos coches y contaminaci\u00f3n, emit\u00edamos gases que provocaban efecto invernadero, las teles ocupaban mucho espacio, no hab\u00eda internet y los que ten\u00edan tel\u00e9fono m\u00f3vil lo llevaban en el coche. Adem\u00e1s, no exist\u00eda Madrid Central. Sin necesidad de pensarlo mucho, Eleonor se declar\u00f3 gran fan de su momento: \u201c2020 mola m\u00e1s\u201d. Y eso que estamos sufriendo una pandemia terrible y lleva un mes sin salir a la calle. \u201cTe acordar\u00e1s de estos d\u00edas para siempre, se te quedar\u00e1n grabados\u201d, le dijo Alberto al mediod\u00eda. Ella nos mir\u00f3 como diciendo \u201cno es para tanto\u201d. \u201cLo recordar\u00e1s mejor de lo que yo recuerdo los a\u00f1os 90\u201d, pens\u00e9. Vivir el confinamiento con un ni\u00f1o en casa es duro, pero creo que en el fondo es m\u00e1s llevadero: lo desdramatizan todo.<\/p>\n\n\n\n<p>Repasando las tareas pendientes, encontr\u00e9 un correo de una de sus profesoras con el enlace a <a href=\"https:\/\/marcosgonzalez2.wixsite.com\/teletrabajo\/\">un juego educativo con retos<\/a> para hacer durante el confinamiento. Se llama The COVID19\u2019s Battle y cada semana se va ampliando con nuevas misiones. Lo han realizado profesores de seis colegios de la Comunidad de Madrid y me parece impresionante. El tiempo y esfuerzo que habr\u00e1n invertido en ello ha debido de ser importante. Si pudi\u00e9ramos reunir en un solo lugar todo este tipo de cosas que se est\u00e1 inventando&nbsp; el profesorado sobre la marcha, en toda Espa\u00f1a, nos quedar\u00edamos en shock. As\u00ed que iniciar la primera misi\u00f3n del juego, que sucede en Wuhan, ha sido una buena idea para este primer d\u00eda de desentumecimiento intelectual.<\/p>\n\n\n\n<p style=\"text-align:right\"><em>Sigue leyendo en eldiario.es<\/em><\/p>\n","protected":false},"excerpt":{"rendered":"<p>A veces se hace necesario mentir a los ni\u00f1os, pero no s\u00e9 si por su bien o por el de sus padres y madres. Me pareci\u00f3 importante retomar, de una manera laica, el tema de la resurrecci\u00f3n e imponer este Lunes de Pascua como d\u00eda oficial de regreso a la normalidad anormal. \u201c\u00bfHabr\u00eda habido colegio [&hellip;]<\/p>\n","protected":false},"author":1,"featured_media":2002003345,"comment_status":"closed","ping_status":"closed","sticky":false,"template":"","format":"standard","meta":{"footnotes":""},"categories":[],"tags":[],"class_list":["post-2002003271","post","type-post","status-publish","format-standard","has-post-thumbnail","hentry"],"_links":{"self":[{"href":"http:\/\/www.elenacabrera.com\/weblog3\/wp-json\/wp\/v2\/posts\/2002003271","targetHints":{"allow":["GET"]}}],"collection":[{"href":"http:\/\/www.elenacabrera.com\/weblog3\/wp-json\/wp\/v2\/posts"}],"about":[{"href":"http:\/\/www.elenacabrera.com\/weblog3\/wp-json\/wp\/v2\/types\/post"}],"author":[{"embeddable":true,"href":"http:\/\/www.elenacabrera.com\/weblog3\/wp-json\/wp\/v2\/users\/1"}],"replies":[{"embeddable":true,"href":"http:\/\/www.elenacabrera.com\/weblog3\/wp-json\/wp\/v2\/comments?post=2002003271"}],"version-history":[{"count":2,"href":"http:\/\/www.elenacabrera.com\/weblog3\/wp-json\/wp\/v2\/posts\/2002003271\/revisions"}],"predecessor-version":[{"id":2002003346,"href":"http:\/\/www.elenacabrera.com\/weblog3\/wp-json\/wp\/v2\/posts\/2002003271\/revisions\/2002003346"}],"wp:featuredmedia":[{"embeddable":true,"href":"http:\/\/www.elenacabrera.com\/weblog3\/wp-json\/wp\/v2\/media\/2002003345"}],"wp:attachment":[{"href":"http:\/\/www.elenacabrera.com\/weblog3\/wp-json\/wp\/v2\/media?parent=2002003271"}],"wp:term":[{"taxonomy":"category","embeddable":true,"href":"http:\/\/www.elenacabrera.com\/weblog3\/wp-json\/wp\/v2\/categories?post=2002003271"},{"taxonomy":"post_tag","embeddable":true,"href":"http:\/\/www.elenacabrera.com\/weblog3\/wp-json\/wp\/v2\/tags?post=2002003271"}],"curies":[{"name":"wp","href":"https:\/\/api.w.org\/{rel}","templated":true}]}}