{"id":2002003273,"date":"2020-04-16T16:51:13","date_gmt":"2020-04-16T14:51:13","guid":{"rendered":"http:\/\/www.elenacabrera.com\/weblog\/?p=2002003273"},"modified":"2020-05-09T19:54:36","modified_gmt":"2020-05-09T17:54:36","slug":"diario-del-coronavirus-31-el-angulo-domestico","status":"publish","type":"post","link":"http:\/\/www.elenacabrera.com\/weblog3\/2020\/04\/16\/diario-del-coronavirus-31-el-angulo-domestico\/","title":{"rendered":"Diario del coronavirus (31): El \u00e1ngulo dom\u00e9stico"},"content":{"rendered":"\n<p>Una visita al peque\u00f1o supermercado del barrio trae malas noticias. La ausencia prolongada del carnicero se deb\u00eda al coronavirus, el cual ha contagiado tambi\u00e9n a su familia y a su compa\u00f1ero tras el mostrador, <a href=\"https:\/\/www.eldiario.es\/nidos\/teniente-Ripley-miedo_0_1008249662.html\">el charcutero que me recomend\u00f3 una pata de jam\u00f3n y un buen vino para la cuarentena<\/a>. Por desgracia, al charcutero le ha pillado fuerte y est\u00e1 en el hospital. Por ahora, el resto de empleados est\u00e1n bien, aunque se escuchan algunas toses al fondo. Siendo m\u00e1s c\u00f3modo ir a un lugar m\u00e1s grande, me tira m\u00e1s hacer la compra en esta tienda, a la que llamar supermercado le hace, quiz\u00e1, sonrojarse. \u201cSupermercadito\u201d le encajar\u00eda mejor. Me ha gustado leer en este art\u00edculo de Anal\u00eda Plaza que no soy la \u00fanica: <a href=\"https:\/\/www.eldiario.es\/economia\/supermercados-regionales-Mercadona-Carrefour-confinamiento_0_1016648404.html\">estamos comprando m\u00e1s en los s\u00fapers regionales<\/a> que en las grandes cadenas.&nbsp;<\/p>\n\n\n\n<p>Para los que han vuelto al trabajo y para los que nunca lo han abandonado, mi mayor preocupaci\u00f3n es comprobar con qu\u00e9 medidas de protecci\u00f3n personal lo est\u00e1n haciendo. No todos en el supermercadito llevaban mascarilla, pero s\u00ed todos usaban guantes. La obra que hay enfrente de mi casa se ha reanudado, tras un lunes de desconcierto en el que, quiz\u00e1, ni ellos mismos sab\u00edan s\u00ed pod\u00edan o no acudir. Hoy, en cambio, nos han dado mucho qu\u00e9 mirar. Eleonor y yo hemos vuelto a nuestro puesto habitual de vigilancia y nos hemos llamado mutuamente cuando suced\u00eda algo nuevo: una maquinaria extra\u00f1a era introducida en la finca, una gr\u00faa tra\u00eda un nuevo contenedor, una conversaci\u00f3n entre t\u00e9cnicos, aunque parec\u00eda que se produc\u00eda en susurros, llenaba toda la calle. La gr\u00faa dej\u00f3 el enorme cajet\u00f3n de hierro para los escombros demasiado lejos de la acera, por lo que un capataz llam\u00f3 a cuatro obreros m\u00e1s y, juntos, lo levantaron a pulso. Eso me permiti\u00f3 fijarme en que su equipo de protecci\u00f3n personal era inexistente: ni guantes, ni mascarilla y una distancia interpersonal m\u00e1s cercana a la del tango que a la del twist. No s\u00e9 qu\u00e9 hacer cuando veo esto. No quiero ser la polic\u00eda de riesgos laborales del balc\u00f3n, pero me quedo preocupada.<\/p>\n\n\n\n<p>Cuando las personas que tengo cerca me explican de primera mano c\u00f3mo se siente el coronavirus en el cuerpo, m\u00e1s que preocuparme, me aterro. Me siento como una refugiada. No puedo evitar pensar que todas estas tonter\u00edas que nos pasan en casa, o mejor dicho, todo aquello con lo que llenamos el hueco de las cosas que no nos pasan, est\u00e1n fuera de lugar. Cuando recordemos c\u00f3mo fueron estas semanas terribles, muchos tendr\u00e1n historias de las trincheras, pero la gran mayor\u00eda guardar\u00e1n memorias de la retaguardia. Como este diario. Y cuando le pongo humor o le saco punta, sobre todo cuando observo los d\u00edas a trav\u00e9s de la mirada de mi hija, pienso si alguien se sentir\u00e1 herido. Pero el pasado lunes, quiz\u00e1 como muchos de vosotros y vosotras, estuve viendo a mi director, Ignacio Escolar, <a href=\"https:\/\/www.eldiario.es\/confinados\/Andreu-Buenafuente-Ignacio-Escolar-entrevista_0_1015598560.html\">conversar con Andreu Buenafuente<\/a>. El humorista reflexion\u00f3 sobre esto mismo y dijo que, si quiz\u00e1 no era el momento de abordar lo que nos est\u00e1 pasando con comedia, al menos s\u00ed con \u201cel \u00e1ngulo dom\u00e9stico\u201d. Podr\u00edamos haber llamado as\u00ed a este diario pero, el primer d\u00eda, la verdad, no me lo pens\u00e9 mucho, no ten\u00eda la perspectiva que tengo hoy y contar lo que suced\u00eda de puertas para adentro se me hac\u00eda tan imprescindible como abrir las ventanas cada d\u00eda para ventilar.<\/p>\n\n\n\n<p style=\"text-align:right\"><em><a href=\"https:\/\/www.eldiario.es\/nidos\/angulo-domestico_0_1016649527.html\" target=\"_blank\" rel=\"noreferrer noopener\" aria-label=\"Sigue leyendo en eldiario.es (abre en una nueva pesta\u00f1a)\">Sigue leyendo en eldiario.es<\/a><\/em><\/p>\n","protected":false},"excerpt":{"rendered":"<p>Una visita al peque\u00f1o supermercado del barrio trae malas noticias. La ausencia prolongada del carnicero se deb\u00eda al coronavirus, el cual ha contagiado tambi\u00e9n a su familia y a su compa\u00f1ero tras el mostrador, el charcutero que me recomend\u00f3 una pata de jam\u00f3n y un buen vino para la cuarentena. Por desgracia, al charcutero le [&hellip;]<\/p>\n","protected":false},"author":1,"featured_media":2002003344,"comment_status":"closed","ping_status":"closed","sticky":false,"template":"","format":"standard","meta":{"footnotes":""},"categories":[],"tags":[],"class_list":["post-2002003273","post","type-post","status-publish","format-standard","has-post-thumbnail","hentry"],"_links":{"self":[{"href":"http:\/\/www.elenacabrera.com\/weblog3\/wp-json\/wp\/v2\/posts\/2002003273","targetHints":{"allow":["GET"]}}],"collection":[{"href":"http:\/\/www.elenacabrera.com\/weblog3\/wp-json\/wp\/v2\/posts"}],"about":[{"href":"http:\/\/www.elenacabrera.com\/weblog3\/wp-json\/wp\/v2\/types\/post"}],"author":[{"embeddable":true,"href":"http:\/\/www.elenacabrera.com\/weblog3\/wp-json\/wp\/v2\/users\/1"}],"replies":[{"embeddable":true,"href":"http:\/\/www.elenacabrera.com\/weblog3\/wp-json\/wp\/v2\/comments?post=2002003273"}],"version-history":[{"count":1,"href":"http:\/\/www.elenacabrera.com\/weblog3\/wp-json\/wp\/v2\/posts\/2002003273\/revisions"}],"predecessor-version":[{"id":2002003274,"href":"http:\/\/www.elenacabrera.com\/weblog3\/wp-json\/wp\/v2\/posts\/2002003273\/revisions\/2002003274"}],"wp:featuredmedia":[{"embeddable":true,"href":"http:\/\/www.elenacabrera.com\/weblog3\/wp-json\/wp\/v2\/media\/2002003344"}],"wp:attachment":[{"href":"http:\/\/www.elenacabrera.com\/weblog3\/wp-json\/wp\/v2\/media?parent=2002003273"}],"wp:term":[{"taxonomy":"category","embeddable":true,"href":"http:\/\/www.elenacabrera.com\/weblog3\/wp-json\/wp\/v2\/categories?post=2002003273"},{"taxonomy":"post_tag","embeddable":true,"href":"http:\/\/www.elenacabrera.com\/weblog3\/wp-json\/wp\/v2\/tags?post=2002003273"}],"curies":[{"name":"wp","href":"https:\/\/api.w.org\/{rel}","templated":true}]}}